{"id":238287,"date":"2026-07-26T19:56:17","date_gmt":"2026-07-26T19:56:17","guid":{"rendered":"https:\/\/www.europesays.com\/lt\/238287\/"},"modified":"2026-07-26T19:56:17","modified_gmt":"2026-07-26T19:56:17","slug":"eurolygos-vicecempionus-palikes-hezonja-grizta-i-nba","status":"publish","type":"post","link":"https:\/\/www.europesays.com\/lt\/238287\/","title":{"rendered":"Eurolygos vice\u010dempionus palik\u0119s Hezonja gr\u012f\u017eta \u012f NBA"},"content":{"rendered":"<p>Sekmadienio pavakar\u0119 ESPN \u017eurnalistas Shamsas Charania prane\u0161\u0117, jog M. Hezonja sukirto rankomis d\u0117l vieneri\u0173 met\u0173 ir 2,8 mln. JAV doleri\u0173 vert\u0117s sutarties su Klivlando \u201eCavaliers\u201c klubu, kuris pra\u0117jus\u012f sezon\u0105 pasiek\u0117 Ryt\u0173 konferencijos finalus.<\/p>\n<p>31-eri\u0173 kroatas su Ispanijos sostin\u0117s ekipa tur\u0117jo iki 2029 m. vasaros galiojant\u012f kontrakt\u0105, bet jame buvo numatyta galimyb\u0117 u\u017e i\u0161pirk\u0105 persikelti \u012f NBA \u2013 \u201eReal\u201c u\u017e puol\u0117jo i\u0161vykim\u0105 sulauks ma\u017edaug 850 t\u016bkst. JAV doleri\u0173 siekian\u010dios kompensacijos.<\/p>\n<p>Madride krep\u0161ininkas rungtyniavo 2022-2026 m., o 2023-aisiais Kaune tapo Eurolygos \u010dempionu. Pra\u0117jus\u012f sezon\u0105 jis per 23 minutes vidutini\u0161kai fiksavo 13,3 ta\u0161ko, 4 atkovot\u0173 kamuoli\u0173, 2,4 rezultatyvaus perdavimo ir 12,4 naudingumo balo staistik\u0105.<\/p>\n<p>2015 m. NBA naujok\u0173 bir\u017eoje M. Hezonja buvo pasirinktas penktuoju \u0161aukimu, o stipriausioje planetos lygoje i\u0161buvo dar iki 2020 m. \u2013 su\u017eaid\u0117 330 rungtyni\u0173 ir vilk\u0117jo Orlando \u201eMagic\u201c, Niujorko \u201eKnicks\u201c bei Portlando \u201eTrail Blazers\u201c klub\u0173 mar\u0161kin\u0117lius.<\/p>\n","protected":false},"excerpt":{"rendered":"Sekmadienio pavakar\u0119 ESPN \u017eurnalistas Shamsas Charania prane\u0161\u0117, jog M. Hezonja sukirto rankomis d\u0117l vieneri\u0173 met\u0173 ir 2,8 mln.&hellip;\n","protected":false},"author":2,"featured_media":238288,"comment_status":"","ping_status":"","sticky":false,"template":"","format":"standard","meta":{"footnotes":"","_share_on_mastodon":"0"},"categories":[19],"tags":[309,5085,37,39,36,38,40,3659,21953,310,47,104],"class_list":["post-238287","post","type-post","status-publish","format-standard","has-post-thumbnail","category-sportas","tag-eurolyga","tag-klivlando-cavaliers","tag-lietuva","tag-lietuviu","tag-lithuania","tag-lithuanian","tag-lt","tag-madrido-real","tag-mario-hezonja","tag-nba","tag-sportas","tag-sports"],"share_on_mastodon":{"url":"https:\/\/pubeurope.com\/@lt\/116988043941090701","error":""},"_links":{"self":[{"href":"https:\/\/www.europesays.com\/lt\/wp-json\/wp\/v2\/posts\/238287","targetHints":{"allow":["GET"]}}],"collection":[{"href":"https:\/\/www.europesays.com\/lt\/wp-json\/wp\/v2\/posts"}],"about":[{"href":"https:\/\/www.europesays.com\/lt\/wp-json\/wp\/v2\/types\/post"}],"author":[{"embeddable":true,"href":"https:\/\/www.europesays.com\/lt\/wp-json\/wp\/v2\/users\/2"}],"replies":[{"embeddable":true,"href":"https:\/\/www.europesays.com\/lt\/wp-json\/wp\/v2\/comments?post=238287"}],"version-history":[{"count":0,"href":"https:\/\/www.europesays.com\/lt\/wp-json\/wp\/v2\/posts\/238287\/revisions"}],"wp:featuredmedia":[{"embeddable":true,"href":"https:\/\/www.europesays.com\/lt\/wp-json\/wp\/v2\/media\/238288"}],"wp:attachment":[{"href":"https:\/\/www.europesays.com\/lt\/wp-json\/wp\/v2\/media?parent=238287"}],"wp:term":[{"taxonomy":"category","embeddable":true,"href":"https:\/\/www.europesays.com\/lt\/wp-json\/wp\/v2\/categories?post=238287"},{"taxonomy":"post_tag","embeddable":true,"href":"https:\/\/www.europesays.com\/lt\/wp-json\/wp\/v2\/tags?post=238287"}],"curies":[{"name":"wp","href":"https:\/\/api.w.org\/{rel}","templated":true}]}}