{"id":238556,"date":"2026-07-27T07:38:43","date_gmt":"2026-07-27T07:38:43","guid":{"rendered":"https:\/\/www.europesays.com\/lt\/238556\/"},"modified":"2026-07-27T07:38:43","modified_gmt":"2026-07-27T07:38:43","slug":"saras-ir-fenerbahce-arti-susitarimo-su-rusijoje-rungtyniavusiu-amerikieciu-delfi","status":"publish","type":"post","link":"https:\/\/www.europesays.com\/lt\/238556\/","title":{"rendered":"\u0160aras ir \u201eFenerbah\u010de\u201c \u2013 arti susitarimo su Rusijoje rungtyniavusiu amerikie\u010diu &#8211; Delfi"},"content":{"rendered":"<ol>\n<li><a href=\"https:\/\/news.google.com\/rss\/articles\/CBMiywFBVV95cUxQT0VFOVM3dTNPVDh1SjhpLWxNUjdoVWFnQlI1Z2VhN29RSXdyTDRXQ1hZYjFLTzBwbXhNZDI4dGUyLXZtOGcxZVRoZnMxM2FKVjBCZ0JZc0tPLWlpRTlpV29aMG1iaVdTY25mM29rQ3ktb2pBZ2Q3UHc3WWNSUlAyNzJULWZBcjItN3VCaTg4TDhhVnl5M3ZmSVVnWTNNZWtSeXB4dS1tT1dRbHVEeFp2ejBiQzExZENfdDNXZlFsZkxMbjBFaElBLVBwcw?oc=5\" target=\"_blank\" rel=\"nofollow noopener\">\u0160aras ir \u201eFenerbah\u010de\u201c \u2013 arti susitarimo su Rusijoje rungtyniavusiu amerikie\u010diu<\/a>&nbsp;&nbsp;Delfi<\/li>\n<li><a href=\"https:\/\/news.google.com\/rss\/articles\/CBMizgFBVV95cUxQOGcxN1RiUTE2Mm5LNDBGbG1sRG5zcHZWSWIyY3YzZzd6UDJEYVh3QlMtNFVGbjdzYXR2Z1FXMmFtendONzdGcGNlQktMbnBtSndYNHl2eTdEcktDbVpucGt5NmZPV1R5WnQ2V0ZFXzF3LWxXWDlwNm9YUnQxWE82YmdacnllRDVac1VaNVpsVzg4cHVCekVVcG80ei1PZ3F2aXY4VkppR1hVcnJuaElDX09sblFNWnNrUmVxcVVwX0lRMDFia0dKN0pHQXZNQQ?oc=5\" target=\"_blank\" rel=\"nofollow noopener\">Jasikevi\u010dius ir \u201eFenerbah\u010de\u201c arti susitarimo su Rusijoje \u017eaidusiu krep\u0161ininku<\/a>&nbsp;&nbsp;15min.lt<\/li>\n<li><a href=\"https:\/\/news.google.com\/rss\/articles\/CBMiogFBVV95cUxObXU3ODFkaGNLbjg5eFRGSEFRMTJPR1ZCSVZXM3g3aVpkaHdOaE12bWFNbzZTTEd3U29kWjBIM2pNUklablQ3MGZJYnRQMFBYTEdUWkF1aENNM0pZeHA1aGp4dkg4cTRYWnJ1dW94czRTbnBsZks1Mkd6NG13S29UQjFLZHV2d21Ra0R4UUhiTmEwZE1zN29iNTd5bnd3LUVjX3c?oc=5\" target=\"_blank\" rel=\"nofollow noopener\">\u201eFenerbah\u010de\u201c papildys jau antras Rusijoje \u017eaid\u0119s amerikietis<\/a>&nbsp;&nbsp;Krepsinis.net<\/li>\n<li><a href=\"https:\/\/news.google.com\/rss\/articles\/CBMivwFBVV95cUxQb1pOUEdScm5VZDFQQVM1TU1FQ04tU2JJdFVIUThjdy1TeWQ1bXExbm1uTzhmbDAxei1tc3U2Z1NkZEFXQklYdml3MnpyRnk5YXRjMEhfMDRDYkpoNktJMHZHeEpfMUZKNV82c3ZfMlVDUzFETGc5N2g5VDBWNFdOR0R3YWhjc0FZSGdVel9FOTVIWElJX0E4cXJDOGtha3d3QktKRnhDcnFWbldKdklyWVBfM21NUXNpeUxLUXV0VQ?oc=5\" target=\"_blank\" rel=\"nofollow noopener\">Pakeliui pas \u0160ar\u0105 \u2013 dar vienas Rusijoje \u017eaid\u0119s krep\u0161ininkas<\/a>&nbsp;&nbsp;Lrytas<\/li>\n<li><a href=\"https:\/\/news.google.com\/rss\/articles\/CBMiugFBVV95cUxNa28xX0MxT2dMVEpXZGYyeHhnWnM4VDR0WFR1LUlzX1E0Y0E4czZMV1plOE8zSnJhVDQtdVBrUlBNWW1VckhUb3RQNTltX1c1ZEdIY2M3b21YNGhvUHNrNU5qQUZTdkNic0VxMVV2aE9qd19qdlA2UUxkV0xueVFtSHhPcUNPOGQtYU9US2I2SG80Zm9vb3huam5ZNVpJRm5Fc3BNNWFnWUJXWmpkYmZMM25IVmV0Qk0wRXc?oc=5\" target=\"_blank\" rel=\"nofollow noopener\">Dar vienas konkurentas Sargi\u016bnui: \u201eFenerbah\u010de\u201c \u2013 arti susitarimo su NBA patirties turin\u010diu amerikie\u010diu<\/a>&nbsp;&nbsp;O, Sportas!<\/li>\n<\/ol>\n","protected":false},"excerpt":{"rendered":"\u0160aras ir \u201eFenerbah\u010de\u201c \u2013 arti susitarimo su Rusijoje rungtyniavusiu amerikie\u010diu&nbsp;&nbsp;Delfi Jasikevi\u010dius ir \u201eFenerbah\u010de\u201c arti susitarimo su Rusijoje \u017eaidusiu&hellip;\n","protected":false},"author":2,"featured_media":238557,"comment_status":"","ping_status":"","sticky":false,"template":"","format":"standard","meta":{"footnotes":"","_share_on_mastodon":"0"},"categories":[19],"tags":[37,39,36,38,40,310,311,47,104,313],"class_list":["post-238556","post","type-post","status-publish","format-standard","has-post-thumbnail","category-sportas","tag-lietuva","tag-lietuviu","tag-lithuania","tag-lithuanian","tag-lt","tag-nba","tag-sarunas-jasikevicius","tag-sportas","tag-sports","tag-stambulo-fenerbahce"],"share_on_mastodon":{"url":"https:\/\/pubeurope.com\/@lt\/116990804462640594","error":""},"_links":{"self":[{"href":"https:\/\/www.europesays.com\/lt\/wp-json\/wp\/v2\/posts\/238556","targetHints":{"allow":["GET"]}}],"collection":[{"href":"https:\/\/www.europesays.com\/lt\/wp-json\/wp\/v2\/posts"}],"about":[{"href":"https:\/\/www.europesays.com\/lt\/wp-json\/wp\/v2\/types\/post"}],"author":[{"embeddable":true,"href":"https:\/\/www.europesays.com\/lt\/wp-json\/wp\/v2\/users\/2"}],"replies":[{"embeddable":true,"href":"https:\/\/www.europesays.com\/lt\/wp-json\/wp\/v2\/comments?post=238556"}],"version-history":[{"count":0,"href":"https:\/\/www.europesays.com\/lt\/wp-json\/wp\/v2\/posts\/238556\/revisions"}],"wp:featuredmedia":[{"embeddable":true,"href":"https:\/\/www.europesays.com\/lt\/wp-json\/wp\/v2\/media\/238557"}],"wp:attachment":[{"href":"https:\/\/www.europesays.com\/lt\/wp-json\/wp\/v2\/media?parent=238556"}],"wp:term":[{"taxonomy":"category","embeddable":true,"href":"https:\/\/www.europesays.com\/lt\/wp-json\/wp\/v2\/categories?post=238556"},{"taxonomy":"post_tag","embeddable":true,"href":"https:\/\/www.europesays.com\/lt\/wp-json\/wp\/v2\/tags?post=238556"}],"curies":[{"name":"wp","href":"https:\/\/api.w.org\/{rel}","templated":true}]}}