{"id":238564,"date":"2026-07-27T07:52:09","date_gmt":"2026-07-27T07:52:09","guid":{"rendered":"https:\/\/www.europesays.com\/lt\/238564\/"},"modified":"2026-07-27T07:52:09","modified_gmt":"2026-07-27T07:52:09","slug":"sekmadieni-lietuvoje-rasti-sesiu-zmoniu-kunai","status":"publish","type":"post","link":"https:\/\/www.europesays.com\/lt\/238564\/","title":{"rendered":"Sekmadien\u012f Lietuvoje rasti \u0161e\u0161i\u0173 \u017emoni\u0173 k\u016bnai"},"content":{"rendered":"<p>Anot pareig\u016bn\u0173, Vilniuje vyro <a rel=\"noopener nofollow\" target=\"_blank\" href=\"https:\/\/www.delfi.lt\/temos\/kunas\" tag-id=\"57080715\">k\u016bnas<\/a> buvo rastas anksti ryte, 05:56 val.<\/p>\n<p>1990 metais gimusio vyro k\u016bnas buvo rastas bute, \u017dirm\u016bn\u0173 gatv\u0117je. <\/p>\n<p>Kaune 1979 metais gimusio vyri\u0161kio k\u016bnas buvo rastas 10:50 val. Jis buvo aptiktas prie namo, Kovo 11-osios gatv\u0117je. <\/p>\n<p>\u0160iauli\u0173 apskrities vyriausiojo <a rel=\"noopener nofollow\" target=\"_blank\" href=\"https:\/\/www.delfi.lt\/temos\/policija\" tag-id=\"41418589\">policijos<\/a> komisariato (AVPK) duomenimis, 8.40 val. \u0160iauliuose, Til\u017e\u0117s gatv\u0117je, namuose, rastas vyro (gim. 1981 m.) lavonas be i\u0161orini\u0173 su\u017ealojim\u0173.<\/p>\n<p>Anot Panev\u0117\u017eio policijos, apie 11 val. 36 min. Panev\u0117\u017eyje, Ber\u017e\u0173 gatv\u0117je, rastas moters (gim. 1983 m.) k\u016bnas. <\/p>\n<p>Dar dviej\u0173 \u017emoni\u0173 lavonai sekmadien\u012f rasti uostamiestyje.<\/p>\n<p>Klaip\u0117dos AVPK duomenimis, apie 11.12 val. Naujakiemio gatv\u0117je, bute, rastasmirusio vyro (gim. 1988 m.) k\u016bnas.<\/p>\n<p>Kito vyro (gim. 1961 m.) k\u016bnas rastas 11.46 val. Klaip\u0117doje, \u017dardinink\u0173 gatv\u0117je daugiabu\u010dio r\u016bsyje esan\u010diame sand\u0117liuke.<\/p>\n<p>Prad\u0117ti ikiteisminiai tyrimai mirties prie\u017eas\u010diai nustatyti.<\/p>\n","protected":false},"excerpt":{"rendered":"Anot pareig\u016bn\u0173, Vilniuje vyro k\u016bnas buvo rastas anksti ryte, 05:56 val. 1990 metais gimusio vyro k\u016bnas buvo rastas&hellip;\n","protected":false},"author":2,"featured_media":238565,"comment_status":"","ping_status":"","sticky":false,"template":"","format":"standard","meta":{"footnotes":"","_share_on_mastodon":"0"},"categories":[13],"tags":[25,30,31,34,35,24,1930,32,33,37,39,36,38,40,23,22,601,28,29,26,27],"class_list":["post-238564","post","type-post","status-publish","format-standard","has-post-thumbnail","category-lietuva","tag-antrastes","tag-breaking-news","tag-breakingnews","tag-featured-news","tag-featurednews","tag-headlines","tag-kunas","tag-latest-news","tag-latestnews","tag-lietuva","tag-lietuviu","tag-lithuania","tag-lithuanian","tag-lt","tag-naujienos","tag-news","tag-policija","tag-populiariausios-naujienos","tag-populiariausiosnaujienos","tag-top-stories","tag-topstories"],"share_on_mastodon":{"url":"https:\/\/pubeurope.com\/@lt\/116990859424408510","error":""},"_links":{"self":[{"href":"https:\/\/www.europesays.com\/lt\/wp-json\/wp\/v2\/posts\/238564","targetHints":{"allow":["GET"]}}],"collection":[{"href":"https:\/\/www.europesays.com\/lt\/wp-json\/wp\/v2\/posts"}],"about":[{"href":"https:\/\/www.europesays.com\/lt\/wp-json\/wp\/v2\/types\/post"}],"author":[{"embeddable":true,"href":"https:\/\/www.europesays.com\/lt\/wp-json\/wp\/v2\/users\/2"}],"replies":[{"embeddable":true,"href":"https:\/\/www.europesays.com\/lt\/wp-json\/wp\/v2\/comments?post=238564"}],"version-history":[{"count":0,"href":"https:\/\/www.europesays.com\/lt\/wp-json\/wp\/v2\/posts\/238564\/revisions"}],"wp:featuredmedia":[{"embeddable":true,"href":"https:\/\/www.europesays.com\/lt\/wp-json\/wp\/v2\/media\/238565"}],"wp:attachment":[{"href":"https:\/\/www.europesays.com\/lt\/wp-json\/wp\/v2\/media?parent=238564"}],"wp:term":[{"taxonomy":"category","embeddable":true,"href":"https:\/\/www.europesays.com\/lt\/wp-json\/wp\/v2\/categories?post=238564"},{"taxonomy":"post_tag","embeddable":true,"href":"https:\/\/www.europesays.com\/lt\/wp-json\/wp\/v2\/tags?post=238564"}],"curies":[{"name":"wp","href":"https:\/\/api.w.org\/{rel}","templated":true}]}}