{"id":238941,"date":"2026-07-27T14:03:30","date_gmt":"2026-07-27T14:03:30","guid":{"rendered":"https:\/\/www.europesays.com\/lt\/238941\/"},"modified":"2026-07-27T14:03:30","modified_gmt":"2026-07-27T14:03:30","slug":"po-pranesimu-apie-ruosiama-jav-ir-ukrainos-pasiulyma-kremliaus-reakcija","status":"publish","type":"post","link":"https:\/\/www.europesays.com\/lt\/238941\/","title":{"rendered":"Po prane\u0161im\u0173 apie ruo\u0161iam\u0105 JAV ir Ukrainos pasi\u016blym\u0105 \u2013 Kremliaus reakcija"},"content":{"rendered":"<p>Jo pasisakymas nuskamb\u0117jo po to, kai naujien\u0173 agent\u016bra \u201eReuters\u201c, remdamasi ne\u012fvardytu Ukrainos pareig\u016bnu, prane\u0161\u0117, kad Ukraina ir Jungtin\u0117s Valstijos aptarin\u0117jo paliaub\u0173 ore galimyb\u0119 ir kad su tuo susij\u0119s pasi\u016blymas es\u0105 tur\u0117t\u0173 b\u016bti perduotas Rusijai.<\/p>\n<p>Atsakydamas \u012f klausim\u0105, ar Maskva turi informacijos apie galim\u0105 iniciatyv\u0105 d\u0117l paliaub\u0173 ore, D. Peskovas tvirtino, kad \u201e\u0161iuo klausimu n\u0117ra jokios konkre\u010dios informacijos\u201c, taip pat, anot jo, n\u0117ra ir \u201ejoki\u0173 konkre\u010di\u0173 nauj\u0173 pasi\u016blym\u0173\u201c. D. Peskovo \u017eod\u017eius cituoja Rusijos valstybin\u0117 naujien\u0173 agent\u016bra \u201eInterfax\u201c.<\/p>\n<p>D. Peskovas \u017einiasklaidoje pasirod\u017eiusi\u0105 informacij\u0105 pavadino \u201e\u017einiasklaidos prasimanymais\u201c. Anks\u010diau jis buvo parei\u0161k\u0119s, kad komentuoti galimyb\u0119 paskelbti paliaubas ore \u201edar per anksti\u201c.<\/p>\n<p>Naujien\u0173 agent\u016bra \u201eReuters\u201c, remdamasi Ukrainos \u0161altiniu, pra\u0117jusi\u0105 savait\u0119 prane\u0161\u0117, kad prie\u0161 Ukrainos prezidento Volodymyro Zelenskio vizit\u0105 \u012f Jungtines Valstijas Ukrainos ir JAV pareig\u016bnai aptar\u0117 pasi\u016blym\u0105 d\u0117l paliaub\u0173 ore. \u0160\u012f pasi\u016blym\u0105 es\u0105 planuojama perduoti Rusijos pusei.<\/p>\n<p>\u0160altinis teig\u0117, kad Ukraina ir anks\u010diau buvo pateikusi Rusijai pasi\u016blym\u0173 d\u0117l paliaub\u0173, ta\u010diau jie buvo atmesti. Dabar manoma, kad Vladimiro Putino pozicij\u0105 gali su\u0161velninti spaudimas Rusijos ekonomikai, kur\u012f didina Ukrainos sm\u016bgiai Rusijos infrastrukt\u016brai ir logistikai.<\/p>\n<p>JAV prezidentas Donaldas Trumpas ir Ukrainos prezidentas Volodymyras Zelenskis Va\u0161ingtone tur\u0117t\u0173 susitikti antradien\u012f.<\/p>\n","protected":false},"excerpt":{"rendered":"Jo pasisakymas nuskamb\u0117jo po to, kai naujien\u0173 agent\u016bra \u201eReuters\u201c, remdamasi ne\u012fvardytu Ukrainos pareig\u016bnu, prane\u0161\u0117, kad Ukraina ir Jungtin\u0117s&hellip;\n","protected":false},"author":2,"featured_media":238942,"comment_status":"","ping_status":"","sticky":false,"template":"","format":"standard","meta":{"footnotes":"","_share_on_mastodon":"0"},"categories":[6],"tags":[25,30,31,1331,34,35,24,121,1211,32,33,37,39,36,38,40,23,22,28,29,3473,26,27],"class_list":["post-238941","post","type-post","status-publish","format-standard","has-post-thumbnail","category-antrastes","tag-antrastes","tag-breaking-news","tag-breakingnews","tag-dmitrijus-peskovas","tag-featured-news","tag-featurednews","tag-headlines","tag-karas-ukrainoje","tag-kremlius","tag-latest-news","tag-latestnews","tag-lietuva","tag-lietuviu","tag-lithuania","tag-lithuanian","tag-lt","tag-naujienos","tag-news","tag-populiariausios-naujienos","tag-populiariausiosnaujienos","tag-taikos-derybos-del-ukrainos","tag-top-stories","tag-topstories"],"share_on_mastodon":{"url":"https:\/\/pubeurope.com\/@lt\/116992318322721243","error":""},"_links":{"self":[{"href":"https:\/\/www.europesays.com\/lt\/wp-json\/wp\/v2\/posts\/238941","targetHints":{"allow":["GET"]}}],"collection":[{"href":"https:\/\/www.europesays.com\/lt\/wp-json\/wp\/v2\/posts"}],"about":[{"href":"https:\/\/www.europesays.com\/lt\/wp-json\/wp\/v2\/types\/post"}],"author":[{"embeddable":true,"href":"https:\/\/www.europesays.com\/lt\/wp-json\/wp\/v2\/users\/2"}],"replies":[{"embeddable":true,"href":"https:\/\/www.europesays.com\/lt\/wp-json\/wp\/v2\/comments?post=238941"}],"version-history":[{"count":0,"href":"https:\/\/www.europesays.com\/lt\/wp-json\/wp\/v2\/posts\/238941\/revisions"}],"wp:featuredmedia":[{"embeddable":true,"href":"https:\/\/www.europesays.com\/lt\/wp-json\/wp\/v2\/media\/238942"}],"wp:attachment":[{"href":"https:\/\/www.europesays.com\/lt\/wp-json\/wp\/v2\/media?parent=238941"}],"wp:term":[{"taxonomy":"category","embeddable":true,"href":"https:\/\/www.europesays.com\/lt\/wp-json\/wp\/v2\/categories?post=238941"},{"taxonomy":"post_tag","embeddable":true,"href":"https:\/\/www.europesays.com\/lt\/wp-json\/wp\/v2\/tags?post=238941"}],"curies":[{"name":"wp","href":"https:\/\/api.w.org\/{rel}","templated":true}]}}