{"id":239015,"date":"2026-07-27T15:30:08","date_gmt":"2026-07-27T15:30:08","guid":{"rendered":"https:\/\/www.europesays.com\/lt\/239015\/"},"modified":"2026-07-27T15:30:08","modified_gmt":"2026-07-27T15:30:08","slug":"aptiko-slapta-tuneli-vedanti-is-baltarusijos-i-lietuva-lenkai-emesi-neeiliniu-priemoniu","status":"publish","type":"post","link":"https:\/\/www.europesays.com\/lt\/239015\/","title":{"rendered":"Aptiko slapt\u0105 tunel\u012f, vedant\u012f i\u0161 Baltarusijos \u012f Lietuv\u0105: lenkai \u0117m\u0117si neeilini\u0173 priemoni\u0173"},"content":{"rendered":"<p>Tre\u010diadienio ryt\u0105 VSAT Var\u0117nos pasienio rinktin\u0117s Kabeli\u0173 pasienio u\u017ekardos pareig\u016bnai technin\u0117mis priemon\u0117mis pagal \u017eem\u0117s pavir\u0161iaus virpesius nustat\u0117, kad ties Pies\u010di\u0173 kaimu (Var\u0117nos r.) i\u0161 Baltarusijos pus\u0117s gali b\u016bti kasamas po\u017eeminis tunelis.<\/p>\n<p>Pasitelkus \u0161ioje srityje patirties turin\u010dius kolegas, Lenkijos valstyb\u0117s sienos apsaugos tarnybos Palenk\u0117s ruo\u017eo specialistus, atsigabenusius speciali\u0105 tuneli\u0173 paie\u0161kai skirt\u0105 \u012frang\u0105, patrulio take buvo i\u0161gr\u0119\u017eta ertm\u0117. Aptiktas i\u0161 Baltarusijos pus\u0117s i\u0161raustas po\u017eeminis kanalas. <\/p>\n<p>Panaudojus ekskavatori\u0173, buvo atlikti kasimo darbai, po kuri\u0173 ma\u017edaug 1,5 m gylyje buvo aptiktas tunelis, kurio skersmuo \u2013 apie 1 m. Tunelis i\u0161 Baltarusijos teritorijos gilumos driek\u0117si apie 5 m nuo sienos linijos \u012f Lietuvos  teritorijos gilum\u0105. I\u0161\u0117jimo angos \u012f Lietuvos teritorij\u0105 jis netur\u0117jo, per \u0161\u012f tunel\u012f neteis\u0117ti migrantai ar kiti asmenys \u012fsibrauti \u012f m\u016bs\u0173 \u0161al\u012f netur\u0117jo galimyb\u0117s.<\/p>\n<p>       <img decoding=\"async\" src=\"https:\/\/www.europesays.com\/lt\/wp-content\/uploads\/2026\/07\/9cd5f937-1bca-471d-9531-e955efaf0d71.jpg\" loading=\"lazy\" alt=\"Pasienie\u010diai aptiko tunel\u012f\"\/>    <\/p>\n<p>D\u0117l neteis\u0117to valstyb\u0117s sienos per\u0117jimo VSAT Var\u0117nos pasienio rinktin\u0117je prad\u0117tas ikiteisminis tyrimas, kuriam vadovauja Kauno apygardos prokurat\u016bros Alytaus apylink\u0117s prokurat\u016bros prokuroras. U\u017e toki\u0105 nusikalstam\u0105 veik\u0105 \u012fstatyme numatyta bauda, are\u0161tas arba laisv\u0117s at\u0117mimas iki dvej\u0173 met\u0173.<\/p>\n<p>Atlikus procesinius ikiteisminio tyrimo veiksmus, i\u0161 Baltarusijos vedantis tunelis buvo u\u017ekastas.<\/p>\n","protected":false},"excerpt":{"rendered":"Tre\u010diadienio ryt\u0105 VSAT Var\u0117nos pasienio rinktin\u0117s Kabeli\u0173 pasienio u\u017ekardos pareig\u016bnai technin\u0117mis priemon\u0117mis pagal \u017eem\u0117s pavir\u0161iaus virpesius nustat\u0117, kad&hellip;\n","protected":false},"author":2,"featured_media":239016,"comment_status":"","ping_status":"","sticky":false,"template":"","format":"standard","meta":{"footnotes":"","_share_on_mastodon":"0"},"categories":[13],"tags":[25,1496,30,31,34,35,24,32,33,37,39,36,38,40,23,22,28,29,26,27,6648,549],"class_list":["post-239015","post","type-post","status-publish","format-standard","has-post-thumbnail","category-lietuva","tag-antrastes","tag-baltarusija","tag-breaking-news","tag-breakingnews","tag-featured-news","tag-featurednews","tag-headlines","tag-latest-news","tag-latestnews","tag-lietuva","tag-lietuviu","tag-lithuania","tag-lithuanian","tag-lt","tag-naujienos","tag-news","tag-populiariausios-naujienos","tag-populiariausiosnaujienos","tag-top-stories","tag-topstories","tag-tunelis","tag-vsat"],"share_on_mastodon":{"url":"https:\/\/pubeurope.com\/@lt\/116992660664546789","error":""},"_links":{"self":[{"href":"https:\/\/www.europesays.com\/lt\/wp-json\/wp\/v2\/posts\/239015","targetHints":{"allow":["GET"]}}],"collection":[{"href":"https:\/\/www.europesays.com\/lt\/wp-json\/wp\/v2\/posts"}],"about":[{"href":"https:\/\/www.europesays.com\/lt\/wp-json\/wp\/v2\/types\/post"}],"author":[{"embeddable":true,"href":"https:\/\/www.europesays.com\/lt\/wp-json\/wp\/v2\/users\/2"}],"replies":[{"embeddable":true,"href":"https:\/\/www.europesays.com\/lt\/wp-json\/wp\/v2\/comments?post=239015"}],"version-history":[{"count":0,"href":"https:\/\/www.europesays.com\/lt\/wp-json\/wp\/v2\/posts\/239015\/revisions"}],"wp:featuredmedia":[{"embeddable":true,"href":"https:\/\/www.europesays.com\/lt\/wp-json\/wp\/v2\/media\/239016"}],"wp:attachment":[{"href":"https:\/\/www.europesays.com\/lt\/wp-json\/wp\/v2\/media?parent=239015"}],"wp:term":[{"taxonomy":"category","embeddable":true,"href":"https:\/\/www.europesays.com\/lt\/wp-json\/wp\/v2\/categories?post=239015"},{"taxonomy":"post_tag","embeddable":true,"href":"https:\/\/www.europesays.com\/lt\/wp-json\/wp\/v2\/tags?post=239015"}],"curies":[{"name":"wp","href":"https:\/\/api.w.org\/{rel}","templated":true}]}}