{"id":239109,"date":"2026-07-27T16:57:56","date_gmt":"2026-07-27T16:57:56","guid":{"rendered":"https:\/\/www.europesays.com\/lt\/239109\/"},"modified":"2026-07-27T16:57:56","modified_gmt":"2026-07-27T16:57:56","slug":"energesman-mums-siule-parduoti-akcijas-nesutikus-nutraukta-sutartis","status":"publish","type":"post","link":"https:\/\/www.europesays.com\/lt\/239109\/","title":{"rendered":"\u201eEnergesman\u201c: mums si\u016bl\u0117 parduoti akcijas, nesutikus nutraukta sutartis"},"content":{"rendered":"<p>  <img decoding=\"async\" src=\"https:\/\/www.europesays.com\/lt\/wp-content\/uploads\/2026\/07\/830a376f-56e4-42ae-853e-5fd9e6f743e6.jpg\" loading=\"eager\" fetchpriority=\"high\" alt=\"Gaisro vietoje Jo\u010dioni\u0173 g. organizuojama degusio pastato ap\u017ei\u016bra ir tolimesni\u0173 sprendim\u0173 vertinimas\"\/> <\/p>\n<p>Gaisro vietoje Jo\u010dioni\u0173 g. organizuojama degusio pastato ap\u017ei\u016bra ir tolimesni\u0173 sprendim\u0173 vertinimas<\/p>\n<p>FOTO:  Josvydas Elinskas | Elta<\/p>\n<p>\u012emon\u0117 \u201eEnergesman\u201c tvirtina, kad jos akcininkui buvo perduotas konkuruojan\u010dios bendrov\u0117s \u201eEcoservice\u201c vieno i\u0161 vadov\u0173 pasi\u016blymas parduoti akcijas. Atmetus pasi\u016blym\u0105, po poros dien\u0173 Vilniaus apskrities atliek\u0173 tvarkymo centras (VAATC)\u00a0pri\u0117m\u0117 sprendim\u0105 nutraukti sutart\u012f su \u201eEnergesman\u201c, pirmadien\u012f prane\u0161\u0117 pati bendrov\u0117. \u00a0\u00a0\u00a0<\/p>\n","protected":false},"excerpt":{"rendered":"Gaisro vietoje Jo\u010dioni\u0173 g. organizuojama degusio pastato ap\u017ei\u016bra ir tolimesni\u0173 sprendim\u0173 vertinimas FOTO: Josvydas Elinskas | Elta \u012emon\u0117&hellip;\n","protected":false},"author":2,"featured_media":239110,"comment_status":"","ping_status":"","sticky":false,"template":"","format":"standard","meta":{"footnotes":"","_share_on_mastodon":"0"},"categories":[13],"tags":[35432,25,30,31,16318,34250,34,35,24,32,33,37,39,36,38,40,23,22,28,29,26,27,18126],"class_list":["post-239109","post","type-post","status-publish","format-standard","has-post-thumbnail","category-lietuva","tag-algirdas-blazgys","tag-antrastes","tag-breaking-news","tag-breakingnews","tag-ecoservice","tag-energesman","tag-featured-news","tag-featurednews","tag-headlines","tag-latest-news","tag-latestnews","tag-lietuva","tag-lietuviu","tag-lithuania","tag-lithuanian","tag-lt","tag-naujienos","tag-news","tag-populiariausios-naujienos","tag-populiariausiosnaujienos","tag-top-stories","tag-topstories","tag-vaatc"],"share_on_mastodon":{"url":"https:\/\/pubeurope.com\/@lt\/116993006524543480","error":""},"_links":{"self":[{"href":"https:\/\/www.europesays.com\/lt\/wp-json\/wp\/v2\/posts\/239109","targetHints":{"allow":["GET"]}}],"collection":[{"href":"https:\/\/www.europesays.com\/lt\/wp-json\/wp\/v2\/posts"}],"about":[{"href":"https:\/\/www.europesays.com\/lt\/wp-json\/wp\/v2\/types\/post"}],"author":[{"embeddable":true,"href":"https:\/\/www.europesays.com\/lt\/wp-json\/wp\/v2\/users\/2"}],"replies":[{"embeddable":true,"href":"https:\/\/www.europesays.com\/lt\/wp-json\/wp\/v2\/comments?post=239109"}],"version-history":[{"count":0,"href":"https:\/\/www.europesays.com\/lt\/wp-json\/wp\/v2\/posts\/239109\/revisions"}],"wp:featuredmedia":[{"embeddable":true,"href":"https:\/\/www.europesays.com\/lt\/wp-json\/wp\/v2\/media\/239110"}],"wp:attachment":[{"href":"https:\/\/www.europesays.com\/lt\/wp-json\/wp\/v2\/media?parent=239109"}],"wp:term":[{"taxonomy":"category","embeddable":true,"href":"https:\/\/www.europesays.com\/lt\/wp-json\/wp\/v2\/categories?post=239109"},{"taxonomy":"post_tag","embeddable":true,"href":"https:\/\/www.europesays.com\/lt\/wp-json\/wp\/v2\/tags?post=239109"}],"curies":[{"name":"wp","href":"https:\/\/api.w.org\/{rel}","templated":true}]}}