{"id":239131,"date":"2026-07-27T17:39:17","date_gmt":"2026-07-27T17:39:17","guid":{"rendered":"https:\/\/www.europesays.com\/lt\/239131\/"},"modified":"2026-07-27T17:39:17","modified_gmt":"2026-07-27T17:39:17","slug":"kalejimu-tarnyba-del-artimu-romantiniu-ir-intymiu-santykiu-su-nuteistaisiais-darba-paliko-dvi-pareigunes-respublika-lt","status":"publish","type":"post","link":"https:\/\/www.europesays.com\/lt\/239131\/","title":{"rendered":"Kal\u0117jim\u0173 tarnyba: d\u0117l artim\u0173, romantini\u0173 ir intymi\u0173 santyki\u0173 su nuteistaisiais darb\u0105 paliko dvi pareig\u016bn\u0117s &#8211; Respublika.lt"},"content":{"rendered":"<p><img loading=\"lazy\" decoding=\"async\" src=\"https:\/\/www.respublika.lt\/lt\/naujienos\/lietuva\/kitos-lietuvos-zinios\/kalejimu-tarnyba-del-artimu-romantiniu-ir-intymiu-santykiu-su-nuteistaisiais-darba-paliko-dvi-pareigunes\/images\/ico_camera_white.gif\" class=\"camera\" width=\"22\" height=\"15\" alt=\"nuotr.\" style=\"position:relative; top:-2px; right:2px;\"\/> 1 nuotr.<\/p>\n<p>Asociatyvi Stasio \u017dumbio nuotr.<\/p>\n<p style=\"text-align: left;\">Liepos m\u0117nes\u012f d\u0117l artim\u0173, romantini\u0173 ir intymi\u0173 santyki\u0173 su nuteistaisiais darb\u0105 paliko dvi pareig\u016bn\u0117s, o vienai maitinimo \u012fmon\u0117s darbuotojai buvo panaikintas leidimas patekti \u012f kal\u0117jim\u0105, skelbia Lietuvos kal\u0117jim\u0173 tarnyba.\u00a0<\/p>\n<p style=\"text-align: justify;\" class=\"desktop_banner\">\u00a0<\/p>\n<p style=\"text-align: left;\">\u00a0<\/p>\n<p style=\"text-align: left;\">Anot tarnybos, d\u0117l nustatyt\u0173 rizik\u0173 Vilniaus kal\u0117jimo vir\u0161ininkas kartu su Kriminalin\u0117s \u017evalgybos valdybos pareig\u016bnais inicijavo Vilniaus kal\u0117jimo patalp\u0173 patikrinimus, kuri\u0173 metu buvo rastas didelis kiekis draud\u017eiam\u0173 daikt\u0173.<\/p>\n<p style=\"text-align: left;\">Taip pat pasitelkus tarnybos Prevencin\u0117s grup\u0117s pareig\u016bnus, nuteist\u0173j\u0173 kamerose aptikta mobiliojo ry\u0161io telefon\u0173, peilis ir kiti neleistini daiktai, taip pat nustatyta atvej\u0173, kai buvo vir\u0161ytas leistinas j\u0173 kiekis.<\/p>\n<p style=\"text-align: left;\">\u201eNors Vilniaus kal\u0117jimas yra vienas i\u0161 daugiausia pareig\u016bn\u0173 turin\u010di\u0173 kal\u0117jim\u0173, saugumo valdymo situacija suk\u0117l\u0117 rimt\u0173 abejoni\u0173\u201c, \u2013 socialiniame tinkle \u201eFacebook\u201c ra\u0161\u0117 Lietuvos kal\u0117jim\u0173 tarnyba.\u00a0<\/p>\n<p style=\"text-align: left;\">Tarnyba sako atliksianti atleist\u0173 pareig\u016bni\u0173 veiklos patikrinim\u0105, siekiant nustatyti, koki\u0173 veiksm\u0173 jos gal\u0117jo imtis nuteist\u0173j\u0173 naudai, ir imsis priemoni\u0173, kad tokios situacijos ateityje nepasikartot\u0173.<\/p>\n<p>Naujausios \u017einios<\/p>\n<p><\/p>\n<p>        <a href=\"https:\/\/www.respublika.lt\/lt\/naujienos\/lietuva\/kitos-lietuvos-zinios\/darbo-rinkoje-ryskeja-kvalifikuotu-darbuotoju-trukumas\/\" rel=\"nofollow noopener\" target=\"_blank\"><img decoding=\"async\" oncontextmenu=\"return false\" class=\"block_item_newest_photo\" src=\"https:\/\/www.respublika.lt\/lt\/naujienos\/lietuva\/kitos-lietuvos-zinios\/kalejimu-tarnyba-del-artimu-romantiniu-ir-intymiu-santykiu-su-nuteistaisiais-darba-paliko-dvi-pareigunes\/uploads\/img\/catalog\/1\/photo_for_homepage_1_19537310.jpg\" alt=\"\" width=\"240\" height=\"154.45\"\/><\/a><\/p>\n<p>        <a href=\"https:\/\/www.respublika.lt\/lt\/naujienos\/pasaulis\/kitos_pasaulio_naujienos\/lenkija-svarsto-vasaros-pabaigoje-vel-ivesti-degalu-kainu-kepure\/\" rel=\"nofollow noopener\" target=\"_blank\"><img decoding=\"async\" oncontextmenu=\"return false\" class=\"block_item_newest_photo\" src=\"https:\/\/www.respublika.lt\/lt\/naujienos\/lietuva\/kitos-lietuvos-zinios\/kalejimu-tarnyba-del-artimu-romantiniu-ir-intymiu-santykiu-su-nuteistaisiais-darba-paliko-dvi-pareigunes\/uploads\/img\/catalog\/1\/photo_for_homepage_1_82503060.jpg\" alt=\"\" width=\"240\" height=\"154.45\"\/><\/a><\/p>\n<p>Patiko straipsnis? Leisk mums apie tai su\u017einoti. Nepamir\u0161k pasidalinti Facebook! <\/p>\n<p><img loading=\"lazy\" decoding=\"async\" class=\"p2_social_circle_icon\" src=\"https:\/\/www.respublika.lt\/images\/thumbs_up.svg\" width=\"21\" height=\"22\" alt=\"L\"\/><\/p>\n<p><img loading=\"lazy\" decoding=\"async\" class=\"p2_social_circle_icon\" src=\"https:\/\/www.respublika.lt\/images\/facebook.svg\" alt=\"F\" width=\"22\" height=\"22\" style=\"filter: invert(37%) sepia(55%) saturate(2351%) hue-rotate(187deg) brightness(102%) contrast(106%);\"\/><\/p>\n<p>&#13;<br \/>\n\tNesutinkate &#8211; diskutuokime!<br \/>&#13;<br \/>\n\tNepykite komentatoriai, bet komentarai su keiksma\u017eod\u017eiais bus \u0161alinami automati\u0161kai, be atsipra\u0161ymo.\n    <\/p>\n<p>&#13;<br \/>\n              Respublika.lt pasilieka teis\u0119 pa\u0161alinti nekult\u016bringus, keiksma\u017eod\u017eiais pagardintus, su tema nesusijusius, kito asmens vardu pasira\u0161ytus, \u012fstatymus pa\u017eeid\u017eian\u010dius, \u0161lam\u0161t\u0105 reklamuojan\u010dius ar nusikalsti kurstan\u010dius komentarus. Jei kurstysite smurt\u0105, rasin\u0119, tautin\u0119, religin\u0119 ar kitokio pob\u016bd\u017eio neapykant\u0105, \u017evirbliu i\u0161skrid\u0119 j\u016bs\u0173 \u017eod\u017eiai gr\u012f\u017edami gali virsti ton\u0105 sverian\u010diu jau\u010diu &#8211; specialiosioms Lietuvos tarnyboms pareikalavus suteiksime j\u016bs\u0173 duomenis.\n            <\/p>\n","protected":false},"excerpt":{"rendered":"1 nuotr. Asociatyvi Stasio \u017dumbio nuotr. Liepos m\u0117nes\u012f d\u0117l artim\u0173, romantini\u0173 ir intymi\u0173 santyki\u0173 su nuteistaisiais darb\u0105 paliko&hellip;\n","protected":false},"author":2,"featured_media":239132,"comment_status":"","ping_status":"","sticky":false,"template":"","format":"standard","meta":{"footnotes":"","_share_on_mastodon":"0"},"categories":[13],"tags":[25,30,31,34,35,24,35435,32,33,37,39,3760,36,38,40,23,22,30155,17018,28,29,1443,26,27],"class_list":["post-239131","post","type-post","status-publish","format-standard","has-post-thumbnail","category-lietuva","tag-antrastes","tag-breaking-news","tag-breakingnews","tag-featured-news","tag-featurednews","tag-headlines","tag-kalejimu","tag-latest-news","tag-latestnews","tag-lietuva","tag-lietuviu","tag-lietuvos","tag-lithuania","tag-lithuanian","tag-lt","tag-naujienos","tag-news","tag-nuteistieji","tag-pareigunes","tag-populiariausios-naujienos","tag-populiariausiosnaujienos","tag-tarnyba","tag-top-stories","tag-topstories"],"share_on_mastodon":{"url":"https:\/\/pubeurope.com\/@lt\/116993167937961384","error":""},"_links":{"self":[{"href":"https:\/\/www.europesays.com\/lt\/wp-json\/wp\/v2\/posts\/239131","targetHints":{"allow":["GET"]}}],"collection":[{"href":"https:\/\/www.europesays.com\/lt\/wp-json\/wp\/v2\/posts"}],"about":[{"href":"https:\/\/www.europesays.com\/lt\/wp-json\/wp\/v2\/types\/post"}],"author":[{"embeddable":true,"href":"https:\/\/www.europesays.com\/lt\/wp-json\/wp\/v2\/users\/2"}],"replies":[{"embeddable":true,"href":"https:\/\/www.europesays.com\/lt\/wp-json\/wp\/v2\/comments?post=239131"}],"version-history":[{"count":0,"href":"https:\/\/www.europesays.com\/lt\/wp-json\/wp\/v2\/posts\/239131\/revisions"}],"wp:featuredmedia":[{"embeddable":true,"href":"https:\/\/www.europesays.com\/lt\/wp-json\/wp\/v2\/media\/239132"}],"wp:attachment":[{"href":"https:\/\/www.europesays.com\/lt\/wp-json\/wp\/v2\/media?parent=239131"}],"wp:term":[{"taxonomy":"category","embeddable":true,"href":"https:\/\/www.europesays.com\/lt\/wp-json\/wp\/v2\/categories?post=239131"},{"taxonomy":"post_tag","embeddable":true,"href":"https:\/\/www.europesays.com\/lt\/wp-json\/wp\/v2\/tags?post=239131"}],"curies":[{"name":"wp","href":"https:\/\/api.w.org\/{rel}","templated":true}]}}