{"id":239245,"date":"2026-07-27T20:34:35","date_gmt":"2026-07-27T20:34:35","guid":{"rendered":"https:\/\/www.europesays.com\/lt\/239245\/"},"modified":"2026-07-27T20:34:35","modified_gmt":"2026-07-27T20:34:35","slug":"porsche-iki-2035-m-atsisakys-5-tukst-darbo-vietu","status":"publish","type":"post","link":"https:\/\/www.europesays.com\/lt\/239245\/","title":{"rendered":"\u201ePorsche\u201c iki 2035 m. atsisakys 5 t\u016bkst. darbo viet\u0173"},"content":{"rendered":"<p>911 modelio sportini\u0173 automobili\u0173 gamintojos pelnas smuko d\u0117l ma\u017e\u0117jan\u010di\u0173 pardavim\u0173 Kinijoje, kur \u0161iuo metu dominuoja \u0161alyje gaminami elektromobiliai, taip pat d\u0117l JAV muit\u0173 ir daug kainavusio sprendimo nuspausti stabd\u017eio pedal\u0105 vykdant sunkum\u0173 lydim\u0105 elektrifikacij\u0105.<\/p>\n<p>\u012e nauj\u0105j\u012f plan\u0105 \u012ftrauktas \u201esocialiai atsakingas dar 5 t\u016bkst. darbo viet\u0173 panaikinimas iki 2035 m., daugiausia pasinaudojant nat\u016bralia darbuotoj\u0173 kaita, demografiniais veiksniais, specialios dalin\u0117s pensijos programos pl\u0117tra ir savanori\u0161kais darbo sutar\u010di\u0173 nutraukimais\u201c, \u2013 teig\u0117 bendrov\u0117.<\/p>\n<p>Kadangi apie atleidimus jau buvo skelbta pra\u0117jusiais metais, \u012fmon\u0117 planuoja atsisveikinti su 8,9 t\u016bkst. darbuotoj\u0173. Jos darbo j\u0117g\u0105 sudaro daugiau kaip 30 t\u016bkst. \u017emoni\u0173.<\/p>\n<p>Ateities paketas<\/p>\n<p>Pristatydama tai, k\u0105 pavadino savo \u201eateities paketu\u201c, automobili\u0173 gamintoja taip pat nurod\u0117, kad iki 2035 m. investuos i\u0161 viso 2,1 mlrd. eur\u0173 \u012f dvi gamyklas Cufenhauzene ir Veisache netoli \u0160tutgarto.\u00a0<\/p>\n<p>Ten dirbantys \u017emon\u0117s tur\u0117s darbo vietas ir apsaug\u0105 iki 2035 m., po deryb\u0173 su darbo taryba ir profs\u0105jungomis prane\u0161\u0117 \u012fmon\u0117.<\/p>\n<p>\u201eBendras tikslas yra sustiprinti sportini\u0173 automobili\u0173 gamintojo konkurencingum\u0105 ir ilgainiui u\u017etikrinti kuo daugiau darbo viet\u0173\u201c, \u2013 parei\u0161kime pa\u017eym\u0117jo bendrov\u0117.<\/p>\n<p>Buvo paskelbta ir apie kitas i\u0161laid\u0173 ma\u017einimo priemones, tokias kaip atlyginim\u0173 k\u0117limo atid\u0117jimas iki 2035 m. ir auk\u0161t\u0173 pareig\u016bn\u0173 bazini\u0173 atlyginim\u0173 didinimo atsisakymas 2027 ir 2028 m.<\/p>\n<p>Patyr\u0117 didel\u012f sm\u016bg\u012f<\/p>\n<p>\u201ePorsche\u201c yra viena i\u0161 automobili\u0173 gamintoj\u0173, kurie pastaruoju metu patyr\u0117 didel\u012f sm\u016bg\u012f, nes investavo daug l\u0117\u0161\u0173 \u012f elektrifikacij\u0105, ta\u010diau paklausa buvo silpnesn\u0117, nei tik\u0117tasi.\u00a0<\/p>\n<p>Gamintoja pernai paskelb\u0117, kad l\u0117tina per\u0117jim\u0105 prie elektromobili\u0173, kuris suma\u017eino 10 prekini\u0173 \u017eenkl\u0173 valdan\u010dios \u201eVolkswagen\u201c peln\u0105 milijardais eur\u0173.\u00a0<\/p>\n<p>Be kita ko, buvo atid\u0117tas kai kuri\u0173 visi\u0161kai elektrini\u0173 automobili\u0173 pristatymas ir buvo prat\u0119stas tam tikr\u0173 automobili\u0173 su vidaus degimo varikliais ir hibridini\u0173 modeli\u0173 eksploatavimo laikotarpis.<\/p>\n","protected":false},"excerpt":{"rendered":"911 modelio sportini\u0173 automobili\u0173 gamintojos pelnas smuko d\u0117l ma\u017e\u0117jan\u010di\u0173 pardavim\u0173 Kinijoje, kur \u0161iuo metu dominuoja \u0161alyje gaminami elektromobiliai,&hellip;\n","protected":false},"author":2,"featured_media":239246,"comment_status":"","ping_status":"","sticky":false,"template":"","format":"standard","meta":{"footnotes":"","_share_on_mastodon":"0"},"categories":[17],"tags":[1426,81,16388,3346,37,39,36,38,40,46],"class_list":["post-239245","post","type-post","status-publish","format-standard","has-post-thumbnail","category-verslas","tag-porsche","tag-business","tag-darbuotoju-atleidimas","tag-elta-uzsienio-naujiena","tag-lietuva","tag-lietuviu","tag-lithuania","tag-lithuanian","tag-lt","tag-verslas"],"share_on_mastodon":{"url":"https:\/\/pubeurope.com\/@lt\/116993855464065756","error":""},"_links":{"self":[{"href":"https:\/\/www.europesays.com\/lt\/wp-json\/wp\/v2\/posts\/239245","targetHints":{"allow":["GET"]}}],"collection":[{"href":"https:\/\/www.europesays.com\/lt\/wp-json\/wp\/v2\/posts"}],"about":[{"href":"https:\/\/www.europesays.com\/lt\/wp-json\/wp\/v2\/types\/post"}],"author":[{"embeddable":true,"href":"https:\/\/www.europesays.com\/lt\/wp-json\/wp\/v2\/users\/2"}],"replies":[{"embeddable":true,"href":"https:\/\/www.europesays.com\/lt\/wp-json\/wp\/v2\/comments?post=239245"}],"version-history":[{"count":0,"href":"https:\/\/www.europesays.com\/lt\/wp-json\/wp\/v2\/posts\/239245\/revisions"}],"wp:featuredmedia":[{"embeddable":true,"href":"https:\/\/www.europesays.com\/lt\/wp-json\/wp\/v2\/media\/239246"}],"wp:attachment":[{"href":"https:\/\/www.europesays.com\/lt\/wp-json\/wp\/v2\/media?parent=239245"}],"wp:term":[{"taxonomy":"category","embeddable":true,"href":"https:\/\/www.europesays.com\/lt\/wp-json\/wp\/v2\/categories?post=239245"},{"taxonomy":"post_tag","embeddable":true,"href":"https:\/\/www.europesays.com\/lt\/wp-json\/wp\/v2\/tags?post=239245"}],"curies":[{"name":"wp","href":"https:\/\/api.w.org\/{rel}","templated":true}]}}