{"id":239847,"date":"2026-07-28T14:19:18","date_gmt":"2026-07-28T14:19:18","guid":{"rendered":"https:\/\/www.europesays.com\/lt\/239847\/"},"modified":"2026-07-28T14:19:18","modified_gmt":"2026-07-28T14:19:18","slug":"paskutini-karta-pateko-i-legendine-palangos-auska","status":"publish","type":"post","link":"https:\/\/www.europesays.com\/lt\/239847\/","title":{"rendered":"Paskutin\u012f kart\u0105 pateko \u012f legendin\u0119 Palangos \u201eAusk\u0105\u201c"},"content":{"rendered":"<p>Griaus ar renovuos, jeigu griaus tai pilnai ar tik dal\u012f? Dabar dar niekas negali atsakyti. Ikoniniame paj\u016brio pastate apsilank\u0117 Delfi Kelioni\u0173 ambasadorius <a rel=\"noopener nofollow\" target=\"_blank\" href=\"https:\/\/www.delfi.lt\/temos\/orijus-gasanovas\" tag-id=\"62934892\">Orijus Gasanovas<\/a>.<\/p>\n<p>\u201eAuskoje\u201c m\u0117go atostogauti \u0161alies vadovai<\/p>\n<p>\u201eAusk\u0105\u201c Lietuvos \u017emon\u0117s \u017eino, kaip viet\u0105, kurioje m\u0117gdavo atostogauti buv\u0119 \u0161alies vadovai <a rel=\"noopener nofollow\" target=\"_blank\" href=\"https:\/\/www.delfi.lt\/temos\/algirdas-mykolas-brazauskas\" tag-id=\"46987307\">Algirdas Mykolas Brazauskas<\/a>, <a rel=\"noopener nofollow\" target=\"_blank\" href=\"https:\/\/www.delfi.lt\/temos\/valdas-adamkus\" tag-id=\"49711946\">Valdas Adamkus<\/a>, dar ir trumpiausiai prezidentav\u0119s, v\u0117liau i\u0161 sosto nuverstas Rolandas Paksas sp\u0117jo \u010dia pabuvoti. Tik <a rel=\"noopener nofollow\" target=\"_blank\" href=\"https:\/\/www.delfi.lt\/temos\/dalia-grybauskaite\" tag-id=\"49711786\">Dalia Grybauskait\u0117<\/a> \u0161ito malonumo atsisak\u0117, \u012fvertino u\u017edar\u0105, elitin\u012f kompleks\u0105 kaip perteklin\u012f vald\u017eios turt\u0105. \u201eNenoriu, nereikia\u201c, \u2013 ka\u017ekaip taip ji nusprend\u0117 ir atostogauti \u012f \u0161\u012f objekt\u0105 neva\u017eiavo. Tada \u201eAuska\u201c atiteko visiems ir iki pra\u0117jusi\u0173 met\u0173 buvo vienas i\u0161 tradicini\u0173 Palangos vie\u0161bu\u010di\u0173 su visai netradicin\u0117m patalpom ir istorija.<\/p>\n<p>       <img decoding=\"async\" src=\"https:\/\/www.europesays.com\/lt\/wp-content\/uploads\/2026\/07\/7c6c0f5e-b0fe-4f9e-8760-c89db2ced3b2.jpg\" loading=\"lazy\" alt=\"Ekskursija \u201eAuskoje\u201c\"\/>      <\/p>\n<p>Specialiai sovietme\u010dio auk\u0161\u010diausio lygio vadovams statytas poilsio kompleksas dabar stovi u\u017erakintas, savaranki\u0161kai ten nepateksi. Senas kalendorius i\u0161duoda, kad veiksmas \u010dia sustojo 2025-\u0173j\u0173 lapkri\u010dio m\u0117nes\u012f \u2013 tai paskutinis naudotas kalendoriaus lapas, atverstas iki \u0161ios dienos. Gruod\u017eio lapo niekas neatvert\u0117, kaip ir po jo sekan\u010di\u0173 m\u0117nesi\u0173. Niekas \u010dia nepirko naujo 2026-\u0173j\u0173 kalendoriaus, nes jau pernai buvo ai\u0161ku, kad \u0161iais metais elitinis prezident\u0173 kompleksas nebedirbs. Viskas, \u0161io vie\u0161bu\u010dio istorija baigta. Bent jau tokios \u201eAuskos\u201c, koki\u0105 j\u0105 iki \u0161iol \u017einojome. Nes u\u017edara teritorija mi\u0161ke prie j\u016bros, tiesiog kopose \u2013 tu\u0161\u010dia tikrai nestov\u0117s.<\/p>\n<p>\u201eAuskoje\u201c nebeliko prabangos<\/p>\n<p>Tokio li\u016bdno liepos m\u0117nesio \u0161iame vie\u0161butyje nebuvo nuo pat jo atidarymo dienos. Tamsu, nyku, nejauku ir be galo tu\u0161\u010dia. Ant \u201eAuskos\u201c registrat\u016bros stalo neliko kompiuterio, n\u0117ra ten ir jokio dirban\u010dio \u017emogaus, kuris priimt\u0173 atvykusius poilsiautojus, kaip tai darydavo daug met\u0173 iki \u0161iol. Ant to priimamojo stalo dabar i\u0161barstyti smulk\u016bs var\u017eteliai, po stiklu prispaustas guli popier\u0117lis su paskutiniais vie\u0161bu\u010dio \u012fkainiais pra\u0117jusiems 2025-iesiems metams. Nors \u201eAuska\u201c visada gars\u0117jo prabanga, pasirodo, apsistoti \u010dia pastaruoju metu nebuvo labai brangu. Ne sezono metu (nuo bir\u017eelio 1 iki bir\u017eelio 30 ir nuo rugs\u0117jo 1 iki rugs\u0117jo 30 d.) u\u017e dviviet\u012f ekonomin\u0117s klas\u0117s kambar\u012f administrator\u0117 pra\u0161ydavo 50 eur\u0173, o sezono metu (nuo liepos 1 iki rugpj\u016b\u010dio 21 d.) 80 eur\u0173. Dvivietis liukso klas\u0117s kambarys ne sezono metu kainuodavo 90 eur\u0173, o sezono metu \u2013 150 eur\u0173.<\/p>\n<p>       <img decoding=\"async\" src=\"https:\/\/www.europesays.com\/lt\/wp-content\/uploads\/2026\/07\/1d524b49-e57e-43a2-999d-fa279f1c8b2b.jpg\" loading=\"lazy\" alt=\"Ekskursija \u201eAuskoje\u201c\"\/>      <\/p>\n<p>Dabar, kad patek\u010diau \u012f \u201eAuskos\u201c, vid\u0173 susimok\u0117jau 20 eur\u0173 mokest\u012f, ta\u010diau \u012f \u0161i\u0105 kain\u0105 ne\u012fskai\u010diuoti nei patalai, nei pusry\u010diai, nei dar kokie privalumai. Tai ekskursijos kaina, kuri\u0105 nebeveikian\u010diame vie\u0161butyje rengia \u010dia ilgus metus administratore dirbusi ponia Vilma Lisauskien\u0117. Ji susitar\u0117 su Palangos savivaldybe, kad gali \u010dia vestis smalsiuosius turistus ir pasakoti jiems istorijas apie tai, kas daug met\u0173 vykdavo \u201eAuskoje\u201c, apie \u010dia atvykdavusius elitinius sve\u010dius ir apie paprastus \u017emones, kurie iki pra\u0117jusi\u0173 met\u0173 pageidavo atostogauti b\u016btent \u0161iame komplekse.<\/p>\n<p>\u201eTai bus jau paskutin\u0117 ekskursija\u201c, \u2013 \u0161io sekmadienio vidurdien\u012f i\u0161tar\u0117 ponia Vilma, prie \u201eAuskos\u201c vart\u0173 sutikusi daugiau nei 20 ekskursant\u0173.<\/p>\n<p>\u201eAusk\u0105\u201c perima nauji \u0161eimininkai<\/p>\n<p>Anot jos, legendin\u012f Palangos pastat\u0105 po truput\u012f jau perima b\u016bsimieji \u0161eimininkai, kurie prad\u0117s projektuoti ka\u017ek\u0105 naujo, kas \u010dia ilgainiui tur\u0117t\u0173 atsirasti. <\/p>\n<p>\u201eA\u0161 jau dariau ne vien\u0105 ekskursij\u0105 galvodama, kad ji tikrai bus paskutin\u0117, bet man vis duodavo papildomo laiko. Tai a\u0161 nedr\u0105siai vis paskelbiu naujas datas ir labai greitai \u017emon\u0117s puola u\u017esisakyti vietas, susidom\u0117jimas nuolat didelis, visi nori pamatyti \u201eAusk\u0105\u201c toki\u0105, kokia ji buvo iki \u0161iol, nes neai\u0161ku, kas \u010dia bus toliau\u201c, \u2013 prisistatydama paai\u0161kino ekskursij\u0105 rengianti Vilma.<\/p>\n<p>    <img decoding=\"async\" src=\"https:\/\/www.europesays.com\/lt\/wp-content\/uploads\/2026\/07\/410d5433-3b33-4501-82e5-c21c73e2e5b1.jpg\" loading=\"lazy\" alt=\"Ekskursija \u201eAuskoje\u201c\"\/>      <\/p>\n<p>\u0160i\u0173 met\u0173 prad\u017eioje Delfi jau skelb\u0117, kad \u201eAusk\u0105\u201c iki \u0161iol po savo sparneliu globojusi Palangos savivaldyb\u0117 pasira\u0161\u0117 beveik 35 mln. eur\u0173 vert\u0117s rekonstrukcijos sutart\u012f su koncesininku \u201eThermal SPA\u201c, kuris \u010dia vystys nauj\u0105 gydymo ir sveikatinimo projekt\u0105. Kaip prane\u0161\u0117 savivaldyb\u0117, numatoma, kad koncesininkas vil\u0105 \u201eAuska\u201c valdys 21 metus, o per artimiausius kelerius metus greta pastatys bei Palangos savivaldybei nuosavyb\u0117n perduos bent 40-ies viet\u0173 naujus globos namus, skirtus vyresnio am\u017eiaus \u017emon\u0117ms. Jie tur\u0117t\u0173 stov\u0117ti ka\u017ekur ten, kur dabar yra \u201eAuskos\u201c teniso kortai. O \u0161tai kas bus su senuoju vie\u0161bu\u010dio pastatu, anot buvusios administrator\u0117s, n\u0117ra ai\u0161ku. <\/p>\n<p>\u201eGal visai neliks, o gal paliks tik dal\u012f. Sp\u0117lioti nedr\u012fstu, nes niekas dar to ne\u017eino\u201c, \u2013 taip apib\u016bdino situacij\u0105 ji.<\/p>\n<p>O \u0161i\u0173 met\u0173 prad\u017eioje naujien\u0173 agent\u016bra \u201eElta\u201c, ap\u017evelgdama \u012fvykius garsiajame vie\u0161butyje, ra\u0161\u0117, kad koncesininko ir savivaldyb\u0117s sutartis numato, kad 1977 metais pastatyta, architekto Juozo \u0160ipalio suprojektuota vila \u201eAuska\u201c tur\u0117s b\u016bti sutvarkyta i\u0161laikant statinio architekt\u016brin\u012f autenti\u0161kum\u0105 bei viduje esan\u010dius puo\u0161ybos ar svarbi\u0105 istorin\u0119 reik\u0161m\u0119 turin\u010dius elementus. To labiausiai nor\u0117t\u0173 ir ekskursijas \u010dia rengianti buvusi administrator\u0117, nors, ties\u0105 sakant, abejoni\u0173 jos balse buvo tikrai nema\u017eai.<\/p>\n<p>    <img decoding=\"async\" src=\"https:\/\/www.europesays.com\/lt\/wp-content\/uploads\/2026\/07\/8bbd80b4-e0e3-4991-816d-1251a19bab20.jpg\" loading=\"lazy\" alt=\"Ekskursija \u201eAuskoje\u201c\"\/>    <\/p>\n<p>Sureng\u0117 paskutin\u0119 ekskursij\u0105 legendin\u0117je \u201eAuskoje\u201c<\/p>\n<p>I\u0161 visos Lietuvos \u012f paskutin\u0119 ekskursij\u0105 po garsi\u0105j\u0105 prezident\u0173 atostog\u0173 viet\u0105 susirinkusius \u017emones i\u0161 prad\u017ei\u0173 ponia Vilma pakviet\u0117 \u012fd\u0117miai atsi\u017ei\u016br\u0117ti, kaip i\u0161 lauko pus\u0117s \u201eAuska\u201c atrod\u0117 iki \u0161iol. Kai kurie, vil\u0105 mat\u0119 pirm\u0105 kart\u0105, \u0161iek tiek d\u016bsavo, kad nors architekt\u016bra ir neeilin\u0117, pastatas jau tikrai atgyven\u0119s ir pavarg\u0119s. Dar labiau \u0161\u012f li\u016bdnok\u0105 efekt\u0105 sustiprino u\u017e\u0117jimas \u012f vid\u0173, kai kai kurie ekskursantai net stv\u0117r\u0117si u\u017e savo nosi\u0173 ir dejavo: \u201eoi kaip smirda, pel\u0117sis jau\u010diasi\u201c. Pastatas stovi paliktas vieni\u0161as ir nenaudojamas, t\u0105 tikrai i\u0161duoda kvapas.<\/p>\n<p>Registrat\u016broje, to, kas palikta ant stalo, buvusi administator\u0117 neakcentuoja. Ji kalba apie \u201eAusk\u0105\u201c puo\u0161usius meninink\u0173 k\u016brinius ant sien\u0173. Pabr\u0117\u017eia, kad \u010dia visur buvo daug paveiksl\u0173, bet jie visi jau i\u0161ve\u017eti. Nukabintas ir u\u017era\u0161as \u201eMoscow\u201c (Maskva) \u2013 po vienu i\u0161 trij\u0173 sienini\u0173 laikrod\u017ei\u0173. Pats laikrodis vis dar kaba, bet jau neai\u0161ku, kieno laik\u0105 jis rodo, tikrai ne Maskvos. Kaba ir kiti du \u2013 Palanga bei London (Londonas). Ta\u010diau ir j\u0173 laikas visai netikslus, laikrod\u017eiai tiksi, rodykl\u0117s juda, bet stipriai atsilieka, arba skuba. Nesuprasi.<\/p>\n<p>Eksursij\u0105 rengianti po Vilma savo sve\u010diams dosni \u2013 ji leid\u017eia \u201eAuskoje\u201c ap\u017ei\u016brin\u0117ti visk\u0105, kokias tik nori patalpas. To nebuvo niekada anks\u010diau. \u0160i\u0173 eilu\u010di\u0173 autorius vie\u0161butyje lank\u0117si net kelis kartus, prie\u0161 trejus ir septynerius metus, kai tuo metu jis dar vykd\u0117 veikl\u0105. Tada gal\u0117davai pasivaik\u0161\u010dioti tik po koridorius, taip pat pamatyti kavin\u0119 ir joje pavalgyti ar atsigerti. O dabar \u2013 visos durys atidarytos. <\/p>\n<p>Kambarys, kur ils\u0117josi Brazauskas ir Adamkus, kambar\u0117lis, kur vyko susitikimai su u\u017esienio valstybi\u0173 prezidentais, didysis baseinas, kuriame jau n\u0117ra vandens. Vir\u0161 baseino kabantys sietynai atrodo pavojingai, toks vaizdas, kad ims ir nudard\u0117s \u017eemyn. Tod\u0117l mus lyd\u0117jusi ponia Vilma pra\u0161o nevaik\u0161\u010dioti po jais, taip pat parodo vienoje vietoje pabyr\u0117jusias lubas \u2013 ten taip pat rekomenduoja nestov\u0117ti.<\/p>\n<p>    <img decoding=\"async\" src=\"https:\/\/www.europesays.com\/lt\/wp-content\/uploads\/2026\/07\/23644597-d5df-4655-9c35-f34157277ae7.jpg\" loading=\"lazy\" alt=\"Ekskursija \u201eAuskoje\u201c\"\/>      <\/p>\n<p>\u201eAuskos\u201c viduje vis dar stovi garsusis, an\u0173 laik\u0173 elito naudotas biliardo stalas, su visais kamuoliukais ir net lazdomis. Tarsi laukia, kol kas paims ir v\u0117l jomis naudosis, bet grei\u010diausiai tokios dienos nesulauks. Nebent pastato ardyti ir rekonstruoti at\u0117j\u0119 statybininkai sugalvos paskutin\u012f kart\u0105 sumesti biliardo partij\u0105. Kas ten \u017eino, gal vietoj par\u016bkymo pertrauk\u0117l\u0117s taip ir padarys. \u0160iais laikais madinga mesti r\u016bkyti, o vietoje to \u2013 prasmingai praleisti laik\u0105. Biliardas tam puikiai tikt\u0173, ypa\u010d toks, kur\u012f galb\u016bt Adamkus liet\u0117.<\/p>\n<p>\u201eAuskos\u201c kambariai primena siaubo film\u0173 filmavimo aik\u0161tel\u0119<\/p>\n<p>Kambariai, nors kadaise ir buvo vadinami presti\u017einiais, dabartiniu laiku labiau primena siaubo film\u0173 filmavimo aik\u0161tel\u0119. Kilimai d\u0117m\u0117ti, purvini, kai kurie baldai byrantys, ne\u0161var\u016bs. N\u0117ra jauki ten aplinka, nebuvo ji jauki ir paskutiniais vie\u0161bu\u010dio gyvavimo metais. <\/p>\n<p>\u201eNiekas \u010dia nenor\u0117jo daug investuoti, daug tr\u016bkum\u0173 ma\u010diau pati, bet kai priimdavau sve\u010dius, stengdavausi juos maskuoti\u201c, \u2013 prisipa\u017e\u012fsta buvusi administrator\u0117. <\/p>\n<p>Ir tuoj prajuokina susirinkusius ekskursijos dalyvius savo istorija apie televizij\u0105 \u201eAuskoje\u201c: \u201etoks \u012fdomus faktas, kad tuo metu kai \u010dia dirbau \u2013 televizoriai ka\u017ekod\u0117l nerod\u0117 lietuvi\u0161k\u0173 kanal\u0173. \u017dmon\u0117s sk\u0173sdavosi, sakydavo, kad turki\u0161k\u0105 program\u0105 transliuojam, klausdavo, kod\u0117l taip yra. O a\u0161 ne\u017einojau atsakymo, nesupratau, kod\u0117l taip yra, bet ir nieko pakeisti negal\u0117jau, a\u0161 juk ne technik\u0117\u201c.<\/p>\n<p>       <img decoding=\"async\" src=\"https:\/\/www.europesays.com\/lt\/wp-content\/uploads\/2026\/07\/876170b4-4163-4002-9470-22d28db6c593.jpg\" loading=\"lazy\" alt=\"Ekskursija \u201eAuskoje\u201c\"\/>      <\/p>\n<p>Po kambarius drauge su grupe einantys paskutin\u0117s ekskursijos dalyviai ap\u017ei\u016brin\u0117jo visk\u0105 iki smulkmen\u0173, kai kurie atidarin\u0117jo baldus, fotografavo j\u0173 vid\u0173. S\u0117dosi ant lov\u0173, \u012fvertino \u010diu\u017eini\u0173 sud\u0117v\u0117jimo lyg\u012f. <\/p>\n<p>\u201eNa, bijo\u010diau \u010dia pasilikti miegoti\u201c, \u2013 replikavo viena jauna mergina. <\/p>\n<p>\u201eNenor\u0117\u010diau ir a\u0161\u201c, \u2013 atsak\u0117 jai draug\u0117.<\/p>\n<p>Einant per \u201eAuskos\u201c patalpas dabar voratinkliai, dulk\u0117s, blogas kvapas. \u201eLabai tr\u016bksta meno\u201c, \u2013 karts nuo karto kartojo ponia Vilma, didel\u0117 men\u0173 myl\u0117toja. Vietomis pastate n\u0117ra elektros, tod\u0117l ne\u012fmanoma \u012fjungti \u0161viesos. Gal ir nepatogu, bet ekskursijai tikrai prideda papildomo, mistinio efekto. L\u012fsdami pasi\u017ei\u016br\u0117ti pirties, kurioje kaitindavosi prezidentas Brazauskas, ekskursijos dalyviai pasi\u0161viet\u0117 savo mobiliaisiais telefonais.<\/p>\n<p>Viloje vis dar stovi senas, itali\u0161kas kavos aparatas. Tik kava jis nekvepia, limpa nuo purvo senukas. O ir puodeli\u0173, kur \u012fpilti kavai ar arbatai, neliko. Senojoje elito kirpykloje nebekvepia plauk\u0173 laku ir \u0161amp\u016bnais. Juokinga, bet tai viena labiausiai \u012fsmirdusi\u0173 patalp\u0173. Joje paskutin\u0117 \u201eAuskos\u201c administracija buvo nusprendusi laikyti purvinus patalus, naudotus rank\u0161luos\u010dius. Toks ne\u0161varum\u0173 sand\u0117liukas buvo, dar prie\u0161 metus. O dabar pel\u0117sinio kvapo pritvink\u0119s, tamsus ir \u0161altas.<\/p>\n<p>Paskutin\u0117s ekskursijos dalyviai visk\u0105 fotografavo ir filmavo, nor\u0117dami i\u0161saugoti pavargusio pastato istorij\u0105 prisiminimams, nes investavus tuos beveik 35 milijonus eur\u0173 \u2013 vaizdelis tikrai pasikeis. <\/p>\n<p>\u201eSvarbiausia, kad i\u0161saugot\u0173 gra\u017e\u0173j\u012f \u017eidin\u012f, vitra\u017e\u0105 pirtyje, \u0161viestuvus\u201c, \u2013 vyl\u0117si ponia Vilma.<\/p>\n<p>I\u0161\u0117jus i\u0161 \u201eAuskos\u201c, po paskutin\u0117s ekskursijos kai kurie pamojavo pastatui, tarsi simboli\u0161kai su juo atsisveikindami. \u0160i\u0105 savait\u0119 prie elitinio komplekso jau tur\u0117t\u0173 sukiotis b\u016bsimieji \u0161eimininkai, o taip pat ir savivaldyb\u0117s pareig\u016bnai.<\/p>\n","protected":false},"excerpt":{"rendered":"Griaus ar renovuos, jeigu griaus tai pilnai ar tik dal\u012f? Dabar dar niekas negali atsakyti. Ikoniniame paj\u016brio pastate&hellip;\n","protected":false},"author":2,"featured_media":239848,"comment_status":"","ping_status":"","sticky":false,"template":"","format":"standard","meta":{"footnotes":"","_share_on_mastodon":"0"},"categories":[6],"tags":[35549,25,19294,30,31,3287,34,35,24,32,33,37,39,36,38,40,23,22,1186,2801,28,29,26,27,1055],"class_list":["post-239847","post","type-post","status-publish","format-standard","has-post-thumbnail","category-antrastes","tag-algirdas-mykolas-brazauskas","tag-antrastes","tag-auska","tag-breaking-news","tag-breakingnews","tag-dalia-grybauskaite","tag-featured-news","tag-featurednews","tag-headlines","tag-latest-news","tag-latestnews","tag-lietuva","tag-lietuviu","tag-lithuania","tag-lithuanian","tag-lt","tag-naujienos","tag-news","tag-orijus-gasanovas","tag-palanga","tag-populiariausios-naujienos","tag-populiariausiosnaujienos","tag-top-stories","tag-topstories","tag-valdas-adamkus"],"share_on_mastodon":{"url":"https:\/\/pubeurope.com\/@lt\/116998043689341919","error":""},"_links":{"self":[{"href":"https:\/\/www.europesays.com\/lt\/wp-json\/wp\/v2\/posts\/239847","targetHints":{"allow":["GET"]}}],"collection":[{"href":"https:\/\/www.europesays.com\/lt\/wp-json\/wp\/v2\/posts"}],"about":[{"href":"https:\/\/www.europesays.com\/lt\/wp-json\/wp\/v2\/types\/post"}],"author":[{"embeddable":true,"href":"https:\/\/www.europesays.com\/lt\/wp-json\/wp\/v2\/users\/2"}],"replies":[{"embeddable":true,"href":"https:\/\/www.europesays.com\/lt\/wp-json\/wp\/v2\/comments?post=239847"}],"version-history":[{"count":0,"href":"https:\/\/www.europesays.com\/lt\/wp-json\/wp\/v2\/posts\/239847\/revisions"}],"wp:featuredmedia":[{"embeddable":true,"href":"https:\/\/www.europesays.com\/lt\/wp-json\/wp\/v2\/media\/239848"}],"wp:attachment":[{"href":"https:\/\/www.europesays.com\/lt\/wp-json\/wp\/v2\/media?parent=239847"}],"wp:term":[{"taxonomy":"category","embeddable":true,"href":"https:\/\/www.europesays.com\/lt\/wp-json\/wp\/v2\/categories?post=239847"},{"taxonomy":"post_tag","embeddable":true,"href":"https:\/\/www.europesays.com\/lt\/wp-json\/wp\/v2\/tags?post=239847"}],"curies":[{"name":"wp","href":"https:\/\/api.w.org\/{rel}","templated":true}]}}