{"id":239869,"date":"2026-07-28T14:45:07","date_gmt":"2026-07-28T14:45:07","guid":{"rendered":"https:\/\/www.europesays.com\/lt\/239869\/"},"modified":"2026-07-28T14:45:07","modified_gmt":"2026-07-28T14:45:07","slug":"nt-kainos-nestabdo-klaipedoje-uz-40-kv-metru-buta-nepagaili-ir-trecdalio-milijono","status":"publish","type":"post","link":"https:\/\/www.europesays.com\/lt\/239869\/","title":{"rendered":"NT kainos nestabdo: Klaip\u0117doje u\u017e 40 kv. metr\u0173 but\u0105 nepagaili ir tre\u010ddalio milijono"},"content":{"rendered":"<p>Skirting\u0173 nekilnojamojo turto rink\u0105 analizuojan\u010di\u0173 \u0161altini\u0173 duomenimis, but\u0173 kainos Klaip\u0117doje per pastaruosius 12 m\u0117nesi\u0173 augo dvi\u017eenkliu tempu, ta\u010diau vertinimai skiriasi.<\/p>\n<p>Nekilnojamojo turto analitikos bendrov\u0117 \u201eUntu\u201c fiksuoja 20,9 proc. augim\u0105, nekilnojamojo turto paslaug\u0173 bendrov\u0117 \u201eOber-Haus\u201c \u2013 10,1 proc., nekilnojamojo turto portalas \u201eAruodas.lt\u201c \u2013 20,3 proc., o Lietuvos bankas \u2013 14,3 proc.<\/p>\n<p>Remiantis \u201eUntu\u201c pateiktais nekilnojamojo turto rinkos duomenimis, 2026 met\u0173 bir\u017eel\u012f uostamiestyje \u012fregistruota 2,6 proc. daugiau but\u0173 pirkimo\u2013pardavimo sandori\u0173 nei gegu\u017e\u0119 ir net 22,7 proc. daugiau nei tuo pa\u010diu laikotarpiu pernai.<\/p>\n<p>2026 met\u0173 liepos prad\u017eioje paskutini\u0173 dvylikos m\u0117nesi\u0173 but\u0173 sandori\u0173 vidurkis Klaip\u0117doje siek\u0117 260. Per m\u0117nes\u012f \u0161is rodiklis padid\u0117jo 1,7 proc., o per metus \u2013 7,7 proc.<\/p>\n<p>Pirmasis \u0161i\u0173 met\u0173 pusmetis Klaip\u0117doje taip pat buvo aktyvesnis nei pra\u0117jusi\u0173 met\u0173 \u2013 sudaryta 6,9 proc. daugiau but\u0173 pirkimo\u2013pardavimo sandori\u0173.<\/p>\n<p>Vilniuje metinis but\u0173 pirkimo\u2013pardavimo sandori\u0173 augimas siek\u0117 11,9 proc., \u0160iauliuose \u2013 13,4 proc., Kaune \u2013 vos 0,4 proc., o Panev\u0117\u017eyje sandori\u0173 skai\u010dius per metus nepakito.<\/p>\n<p>Brangiausias bir\u017eel\u012f Klaip\u0117doje parduotas butas buvo Bok\u0161t\u0173 gatv\u0117je. U\u017e 219 kv. m ploto 2007 metais statyt\u0105 b\u016bst\u0105 sumok\u0117ta 365 t\u016bkst. eur\u0173.<\/p>\n<p>Antr\u0105j\u0105 viet\u0105 pagal sandorio vert\u0119 u\u017e\u0117m\u0117 naujos statybos 40 kv. m butas Naujojoje Uosto gatv\u0117je, parduotas u\u017e 295 t\u016bkst. eur\u0173.<\/p>\n<p>Tre\u010dias brangiausias sandoris fiksuotas Gluosni\u0173 gatv\u0117je \u2013 u\u017e 87 kv. m but\u0105 istoriniame, 1954 metais statytame ir 2024 metais atnaujintame name sumok\u0117ta 293 t\u016bkst. eur\u0173.<\/p>\n<p>\u012e brangiausi\u0173 bir\u017eelio sandori\u0173 penketuk\u0105 taip pat pateko butas Lelij\u0173 gatv\u0117je (88 kv. m, 2011 met\u0173 statybos), parduotas u\u017e 275 t\u016bkst. eur\u0173, bei naujos statybos b\u016bstas E. Franco gatv\u0117je (62 kv. m), kainav\u0119s 268 t\u016bkst. eur\u0173.<\/p>\n","protected":false},"excerpt":{"rendered":"Skirting\u0173 nekilnojamojo turto rink\u0105 analizuojan\u010di\u0173 \u0161altini\u0173 duomenimis, but\u0173 kainos Klaip\u0117doje per pastaruosius 12 m\u0117nesi\u0173 augo dvi\u017eenkliu tempu, ta\u010diau&hellip;\n","protected":false},"author":2,"featured_media":239870,"comment_status":"","ping_status":"","sticky":false,"template":"","format":"standard","meta":{"footnotes":"","_share_on_mastodon":"0"},"categories":[17],"tags":[81,35552,27164,511,37,39,36,38,40,3239,46],"class_list":["post-239869","post","type-post","status-publish","format-standard","has-post-thumbnail","category-verslas","tag-business","tag-butu-kainos","tag-butu-pardavimai","tag-klaipeda","tag-lietuva","tag-lietuviu","tag-lithuania","tag-lithuanian","tag-lt","tag-nekilnojamasis-turtas","tag-verslas"],"share_on_mastodon":{"url":"https:\/\/pubeurope.com\/@lt\/116998145745964621","error":""},"_links":{"self":[{"href":"https:\/\/www.europesays.com\/lt\/wp-json\/wp\/v2\/posts\/239869","targetHints":{"allow":["GET"]}}],"collection":[{"href":"https:\/\/www.europesays.com\/lt\/wp-json\/wp\/v2\/posts"}],"about":[{"href":"https:\/\/www.europesays.com\/lt\/wp-json\/wp\/v2\/types\/post"}],"author":[{"embeddable":true,"href":"https:\/\/www.europesays.com\/lt\/wp-json\/wp\/v2\/users\/2"}],"replies":[{"embeddable":true,"href":"https:\/\/www.europesays.com\/lt\/wp-json\/wp\/v2\/comments?post=239869"}],"version-history":[{"count":0,"href":"https:\/\/www.europesays.com\/lt\/wp-json\/wp\/v2\/posts\/239869\/revisions"}],"wp:featuredmedia":[{"embeddable":true,"href":"https:\/\/www.europesays.com\/lt\/wp-json\/wp\/v2\/media\/239870"}],"wp:attachment":[{"href":"https:\/\/www.europesays.com\/lt\/wp-json\/wp\/v2\/media?parent=239869"}],"wp:term":[{"taxonomy":"category","embeddable":true,"href":"https:\/\/www.europesays.com\/lt\/wp-json\/wp\/v2\/categories?post=239869"},{"taxonomy":"post_tag","embeddable":true,"href":"https:\/\/www.europesays.com\/lt\/wp-json\/wp\/v2\/tags?post=239869"}],"curies":[{"name":"wp","href":"https:\/\/api.w.org\/{rel}","templated":true}]}}