{"id":240049,"date":"2026-07-28T18:52:38","date_gmt":"2026-07-28T18:52:38","guid":{"rendered":"https:\/\/www.europesays.com\/lt\/240049\/"},"modified":"2026-07-28T18:52:38","modified_gmt":"2026-07-28T18:52:38","slug":"maximoje-atsirado-keista-preke-delfi-verslas","status":"publish","type":"post","link":"https:\/\/www.europesays.com\/lt\/240049\/","title":{"rendered":"Maximoje atsirado keista prek\u0117 &#8211; Delfi verslas"},"content":{"rendered":"<p>\u201eDelfi\u201c redakcija sulauk\u0117 lai\u0161ko, kuriame keliamas klausimas, kod\u0117l \u201e<a rel=\"noopener nofollow\" target=\"_blank\" href=\"https:\/\/www.delfi.lt\/temos\/maxima\" tag-id=\"46583293\">Maxima<\/a>\u201c prekiauja \u201eLidl\u201c <a rel=\"noopener nofollow\" target=\"_blank\" href=\"https:\/\/www.delfi.lt\/temos\/ledai\" tag-id=\"53822785\">ledais<\/a>. <\/p>\n<p>\u201e\u0160iandien nu\u0117jusi \u012f \u201eMaxim\u0105\u201c nustebau \u2013 j\u0173 \u0161aldiklyje radau \u201e<a rel=\"noopener nofollow\" target=\"_blank\" href=\"https:\/\/www.delfi.lt\/temos\/lidl\" tag-id=\"61726615\">Lidl<\/a>\u201c led\u0173! I\u0161kart nusipirkau, matyt, kad tikrai geri, jeigu konkurentai prekiauja \u201eLidl\u201c ledais\u201c, \u2013 ra\u0161oma Irmos lai\u0161ke. <\/p>\n<p>Ji priseg\u0117 ir kelias nuotraukas, kuriose matyti \u201eMaximos\u201c \u0161aldytuvuose esantys \u201eGelatelli\u201c prek\u0117s \u017eenklo ledai. Jis gali b\u016bti sutinkamas tik \u201eLidl\u201c. <\/p>\n<p>    <img decoding=\"async\" src=\"https:\/\/www.europesays.com\/lt\/wp-content\/uploads\/2026\/07\/78558aba-1d7b-4ab2-afe3-7a4378aa9356.jpg\" loading=\"lazy\" alt=\"\u201eLidl\u201c ledai \u201eMaxima\u201c parduotuv\u0117je\"\/>      <\/p>\n<p>\u201eMaximos\u201c ry\u0161i\u0173 su \u017einiasklaida vadov\u0117 Ernesta Vareikyt\u0117 patvirtino, kad \u012fvyko klaida ir konkurento prek\u0117 keliose parduotuv\u0117se i\u0161ties atsirado. <\/p>\n<p>\u201e\u0160iuo atveju \u012fvyko klaida tiekimo grandin\u0117je tarp tiek\u0117jo ir m\u016bs\u0173 partnerio, teikian\u010dio sand\u0117liavimo, u\u017esakym\u0173 komplektavimo bei pristatymo paslaugas. Dalis kitam prekybos tinklui skirt\u0173 led\u0173 per klaid\u0105 buvo pristatyta kartu su \u201eMaximos\u201c parduotuv\u0117ms skirtomis prek\u0117mis\u201c, \u2013 t\u0119s\u0117 atstov\u0117.<\/p>\n<p>Nusipirkti led\u0173 buvo ne\u012fmanoma <\/p>\n<p>Ji nurod\u0117, kad kitam prekybos tinklui skirtus ledus gavo apie 60 m\u016bs\u0173 parduotuvi\u0173, ta\u010diau pabr\u0117\u017e\u0117, kad \u0161i\u0173 led\u0173 nebuvo \u012fmanoma \u012fsigyti, kadangi duomen\u0173 apie juos n\u0117ra sistemose. <\/p>\n<p>\u201eDid\u017eioji dalis darbuotoj\u0173 klaid\u0105 pasteb\u0117jo dar prie\u0161 i\u0161ne\u0161dami prekes \u012f prekybos sal\u0119, o tik keliose parduotuv\u0117se \u0161ie ledai buvo patek\u0119 \u012f \u0161aldiklius. Kadangi \u0161i\u0173 led\u0173 n\u0117ra \u201eMaximos\u201c asortimente ir m\u016bs\u0173 sistemoje, n\u0117 vienas produktas nebuvo parduotas pirk\u0117jams\u201c, \u2013 sak\u0117 E. Vareikyt\u0117. <\/p>\n<p>Per klaid\u0105 pristatytas prekes tinklas pa\u0161alino i\u0161 parduotuvi\u0173 ir su tiek\u0117ju bei logistikos partneriu per\u017ei\u016br\u0117jo procesus. <\/p>\n","protected":false},"excerpt":{"rendered":"\u201eDelfi\u201c redakcija sulauk\u0117 lai\u0161ko, kuriame keliamas klausimas, kod\u0117l \u201eMaxima\u201c prekiauja \u201eLidl\u201c ledais. \u201e\u0160iandien nu\u0117jusi \u012f \u201eMaxim\u0105\u201c nustebau \u2013&hellip;\n","protected":false},"author":2,"featured_media":240050,"comment_status":"","ping_status":"","sticky":false,"template":"","format":"standard","meta":{"footnotes":"","_share_on_mastodon":"0"},"categories":[13],"tags":[25,30,31,34,35,24,32,33,5997,7365,37,39,36,38,40,1349,23,22,28,29,26,27],"class_list":["post-240049","post","type-post","status-publish","format-standard","has-post-thumbnail","category-lietuva","tag-antrastes","tag-breaking-news","tag-breakingnews","tag-featured-news","tag-featurednews","tag-headlines","tag-latest-news","tag-latestnews","tag-ledai","tag-lidl","tag-lietuva","tag-lietuviu","tag-lithuania","tag-lithuanian","tag-lt","tag-maxima","tag-naujienos","tag-news","tag-populiariausios-naujienos","tag-populiariausiosnaujienos","tag-top-stories","tag-topstories"],"share_on_mastodon":{"url":"https:\/\/pubeurope.com\/@lt\/116999117138653892","error":""},"_links":{"self":[{"href":"https:\/\/www.europesays.com\/lt\/wp-json\/wp\/v2\/posts\/240049","targetHints":{"allow":["GET"]}}],"collection":[{"href":"https:\/\/www.europesays.com\/lt\/wp-json\/wp\/v2\/posts"}],"about":[{"href":"https:\/\/www.europesays.com\/lt\/wp-json\/wp\/v2\/types\/post"}],"author":[{"embeddable":true,"href":"https:\/\/www.europesays.com\/lt\/wp-json\/wp\/v2\/users\/2"}],"replies":[{"embeddable":true,"href":"https:\/\/www.europesays.com\/lt\/wp-json\/wp\/v2\/comments?post=240049"}],"version-history":[{"count":0,"href":"https:\/\/www.europesays.com\/lt\/wp-json\/wp\/v2\/posts\/240049\/revisions"}],"wp:featuredmedia":[{"embeddable":true,"href":"https:\/\/www.europesays.com\/lt\/wp-json\/wp\/v2\/media\/240050"}],"wp:attachment":[{"href":"https:\/\/www.europesays.com\/lt\/wp-json\/wp\/v2\/media?parent=240049"}],"wp:term":[{"taxonomy":"category","embeddable":true,"href":"https:\/\/www.europesays.com\/lt\/wp-json\/wp\/v2\/categories?post=240049"},{"taxonomy":"post_tag","embeddable":true,"href":"https:\/\/www.europesays.com\/lt\/wp-json\/wp\/v2\/tags?post=240049"}],"curies":[{"name":"wp","href":"https:\/\/api.w.org\/{rel}","templated":true}]}}