{"id":240093,"date":"2026-07-28T20:28:54","date_gmt":"2026-07-28T20:28:54","guid":{"rendered":"https:\/\/www.europesays.com\/lt\/240093\/"},"modified":"2026-07-28T20:28:54","modified_gmt":"2026-07-28T20:28:54","slug":"paaiskejo-kokiu-numeriu-filadelfijoje-zais-lebronas-jamesas","status":"publish","type":"post","link":"https:\/\/www.europesays.com\/lt\/240093\/","title":{"rendered":"Paai\u0161k\u0117jo, kokiu numeriu Filadelfijoje \u017eais LeBronas Jamesas"},"content":{"rendered":"<p>41-eri\u0173 amerikietis pasirinko 23-i\u0105j\u012f numer\u012f, kur\u012f vilk\u0117jo ir pastaruosius tris sezonus \u201eLakers\u201c gretose.<\/p>\n<p>Prie\u0161 tai du sezonus Los And\u017eele L. Jamesas rungtyniavo vilk\u0117damas 6-uoju numeriu pa\u017eym\u0117tus mar\u0161kin\u0117lius. Tuo pa\u010diu numeriu jis \u017eaid\u0117 ir ketverius metus, kada atstovavo Majamio \u201eHeat\u201c ekipai.<\/p>\n<p>    <img decoding=\"async\" src=\"https:\/\/www.europesays.com\/lt\/wp-content\/uploads\/2026\/07\/5f9cdbb0-f14b-11ed-a656-e3a75e9e2f0d.jpg\" loading=\"lazy\" alt=\"LeBronas Jamesas\"\/>    <\/p>\n<p>Priminsime, jog penktadien\u012f L. Jamesas pagaliau pri\u0117m\u0117 sprendim\u0105 d\u0117l savo tolimesn\u0117s karjeros stotel\u0117s. <\/p>\n<p>\u201e76ers\u201c klubas socialiniuose tinkluose oficialiai pristat\u0117 nauj\u0105j\u012f komandos nar\u012f ir patvirtino, kad Filadelfijoje jis vilk\u0117s savo legendiniu tapus\u012f 23-i\u0105j\u012f numer\u012f. <\/p>\n<p>\u201eMiestas, tinkamas karaliui\u201c, \u2013 taip socialiniuose tinkluose krep\u0161inio \u017evaig\u017ed\u0119 pristat\u0117 \u201e76ers\u201c klubas.<\/p>\n<p>Buvo skelbta, jog 41-eri\u0173 amerikietis su Ryt\u0173 konferencijos klubu susitar\u0117 d\u0117l dvej\u0173 met\u0173 sutarties, kurios vert\u0117 siekia 8 mln. JAV doleri\u0173.<\/p>\n<p>Po pirmojo sezono L. Jamesas gal\u0117s pasirinkti, arba aktyvuoti sutart\u012f dar vieniems metams, arba j\u0105 nutraukti.<\/p>\n<p>Pra\u0117jus\u012f sezon\u0105 Los And\u017eelo \u201eLakers\u201c mar\u0161kin\u0117lius vilk\u0117j\u0119s puol\u0117jas vidutini\u0161kai rinko po 24,4 ta\u0161ko, atkovojo po 7,8 kamuolio ir atliko po 8,2 rezultatyvaus perdavimo.<\/p>\n<p>L. Jamesas Filadelfijoje suvienys j\u0117gas su Joeliu Embiidu, Tyrese&#8217;u Maxey ir Jaylenu Brownu bei sieks dar vieno NBA \u010dempiono \u017eiedo.<\/p>\n<p>Karalius paai\u0161kino ir savo sprendim\u0105, kod\u0117l nusprend\u0117 karjer\u0105 prat\u0119sti Filadelfijos \u201e76ers\u201c gretose. <\/p>\n<p>Pla\u010diau apie tai galite skaityti <a rel=\"noopener follow nofollow\" target=\"_blank\" href=\"https:\/\/www.delfi.lt\/a\/120281327\" data-rel-date-range=\"[]\">\u010cIA.<\/a><\/p>\n<p>Art\u0117jantis sezonas karaliui bus jau 24-asis NBA lygoje. <\/p>\n<p>NBA legenda per daugiau nei du de\u0161imtme\u010dius trunkan\u010di\u0105 karjer\u0105 tapo keturiskart NBA \u010dempionu, keturis kartus buvo pripa\u017eintas naudingiausiu lygos \u017eaid\u0117ju, 22 sykius i\u0161rinktas \u012f \u201eVis\u0173 \u017evaig\u017ed\u017ei\u0173\u201c rungtynes, i\u0161kovojo tris olimpinius aukso medalius bei tapo rezultatyviausiu vis\u0173 laik\u0173 NBA krep\u0161ininku.<\/p>\n","protected":false},"excerpt":{"rendered":"41-eri\u0173 amerikietis pasirinko 23-i\u0105j\u012f numer\u012f, kur\u012f vilk\u0117jo ir pastaruosius tris sezonus \u201eLakers\u201c gretose. Prie\u0161 tai du sezonus Los&hellip;\n","protected":false},"author":2,"featured_media":240094,"comment_status":"","ping_status":"","sticky":false,"template":"","format":"standard","meta":{"footnotes":"","_share_on_mastodon":"0"},"categories":[19],"tags":[2035,37,39,36,38,2036,40,310,47,104],"class_list":["post-240093","post","type-post","status-publish","format-standard","has-post-thumbnail","category-sportas","tag-lebronas-jamesas","tag-lietuva","tag-lietuviu","tag-lithuania","tag-lithuanian","tag-los-andzelo-lakers","tag-lt","tag-nba","tag-sportas","tag-sports"],"share_on_mastodon":{"url":"https:\/\/pubeurope.com\/@lt\/116999498554620259","error":""},"_links":{"self":[{"href":"https:\/\/www.europesays.com\/lt\/wp-json\/wp\/v2\/posts\/240093","targetHints":{"allow":["GET"]}}],"collection":[{"href":"https:\/\/www.europesays.com\/lt\/wp-json\/wp\/v2\/posts"}],"about":[{"href":"https:\/\/www.europesays.com\/lt\/wp-json\/wp\/v2\/types\/post"}],"author":[{"embeddable":true,"href":"https:\/\/www.europesays.com\/lt\/wp-json\/wp\/v2\/users\/2"}],"replies":[{"embeddable":true,"href":"https:\/\/www.europesays.com\/lt\/wp-json\/wp\/v2\/comments?post=240093"}],"version-history":[{"count":0,"href":"https:\/\/www.europesays.com\/lt\/wp-json\/wp\/v2\/posts\/240093\/revisions"}],"wp:featuredmedia":[{"embeddable":true,"href":"https:\/\/www.europesays.com\/lt\/wp-json\/wp\/v2\/media\/240094"}],"wp:attachment":[{"href":"https:\/\/www.europesays.com\/lt\/wp-json\/wp\/v2\/media?parent=240093"}],"wp:term":[{"taxonomy":"category","embeddable":true,"href":"https:\/\/www.europesays.com\/lt\/wp-json\/wp\/v2\/categories?post=240093"},{"taxonomy":"post_tag","embeddable":true,"href":"https:\/\/www.europesays.com\/lt\/wp-json\/wp\/v2\/tags?post=240093"}],"curies":[{"name":"wp","href":"https:\/\/api.w.org\/{rel}","templated":true}]}}