{"id":240187,"date":"2026-07-29T04:22:34","date_gmt":"2026-07-29T04:22:34","guid":{"rendered":"https:\/\/www.europesays.com\/lt\/240187\/"},"modified":"2026-07-29T04:22:34","modified_gmt":"2026-07-29T04:22:34","slug":"elta-glaustai-gynybos-finansavimas-diskusijos-del-telefonu","status":"publish","type":"post","link":"https:\/\/www.europesays.com\/lt\/240187\/","title":{"rendered":"ELTA glaustai: gynybos finansavimas, diskusijos d\u0117l telefon\u0173"},"content":{"rendered":"<p>Reaguodamas \u012f Gitano Naus\u0117dos matym\u0105, kad vert\u0117t\u0173 siekti plataus politini\u0173 partij\u0173 susitarimo d\u0117l ilgalaikio gynybos finansavimo po 2030 met\u0173, premjeras Mindaugas Sinkevi\u010dius akcentuoja, jog Lietuva tur\u0117s galvoti ne tik apie l\u0117\u0161as kra\u0161to apsaugai, bet ir apie \u0161alies gynybos pramon\u0117s pl\u0117tr\u0105.\u00a0<\/p>\n<p>Ruden\u012f Prezident\u016bra ketina gr\u012f\u017eti prie diskusij\u0173 d\u0117l mobili\u0173j\u0173 telefon\u0173 reguliavimo ugdymo \u012fstaigose. M. Sinkevi\u010dius sak\u0117, kad \u0161iuo metu yra tiriamos u\u017esienio praktikos d\u0117l socialini\u0173 tinkl\u0173 ribojim\u0173 nepilname\u010diams, kurie gal\u0117t\u0173 b\u016bti svarstomi ateityje.<\/p>\n<p>    <img decoding=\"async\" src=\"https:\/\/www.europesays.com\/lt\/wp-content\/uploads\/2026\/07\/d71d1e6a-1d23-4d97-8d66-3ff710a6440e.jpg\" loading=\"lazy\" alt=\"Mindaugas Sinkevi\u010dius\"\/>    <\/p>\n<p>Lietuvos politikos aktualijos<\/p>\n<p>Prezidento Gitano Naus\u0117dos nuomone, vert\u0117t\u0173 siekti plataus politini\u0173 partij\u0173 susitarimo d\u0117l ilgalaikio gynybos finansavimo po 2030 met\u0173. Toki\u0105 \u0161alies vadovo pozicij\u0105 i\u0161d\u0117st\u0117 jo vyriausiasis patar\u0117jas Vaidas Augustinavi\u010dius. Jis pa\u017eym\u0117jo, kad geopolitin\u0117 situacija artimiausiais metais i\u0161liks \u012ftempta, tod\u0117l Lietuva prival\u0117s nuosekliai stiprinti savo gynybos paj\u0117gumus. Premjeras Mindaugas Sinkevi\u010dius teigia, kad planuojant gynybos finansavim\u0105 po 2030 met\u0173 Lietuva tur\u0117s galvoti ne tik apie l\u0117\u0161as kra\u0161to apsaugai, bet ir apie \u0161alies gynybos pramon\u0117s pl\u0117tr\u0105. <\/p>\n<p>Po susitikimo su prezidentu Gitanu Naus\u0117da M. Sinkevi\u010dius teig\u0117, kad ilgalaik\u0117je perspektyvoje Lietuva turi siekti b\u016bti ne tik gynybos priemoni\u0173 pirk\u0117ja, bet ir gamintoja. Kartu Vyriausyb\u0117s vadovas kalb\u0117jo, kad nori \u017einoti artimiausius Kra\u0161to apsaugos ministerijos (KAM) \u012fsigijim\u0173 planus, taip pat \u2013 kaip panaudojamos gynybai skirtos l\u0117\u0161os. Pasak premjero, \u0161i informacija turi b\u016bti ai\u0161kiai suprantama ir visuomenei. \u00a0<\/p>\n<p>    <img decoding=\"async\" src=\"https:\/\/www.europesays.com\/lt\/wp-content\/uploads\/2026\/07\/4402a420-2d41-47a8-8600-4e5b8ad0609e.jpg\" loading=\"lazy\" alt=\"Gitanas Naus\u0117da\"\/>    <\/p>\n<p>Po nepilname\u010di\u0173 smurto protr\u016bkio Marijampol\u0117je, kuris kilo, \u012ftariama, d\u0117l komentar\u0173 socialiniame tinkle, prezidentas Gitanas Naus\u0117das mano, kad b\u016btina gr\u012f\u017eti prie diskusij\u0173 d\u0117l mobili\u0173j\u0173 telefon\u0173 reguliavimo ugdymo \u012fstaigose. Pasak \u0161alies vadovo patar\u0117jo Vaido Augustinavi\u010diaus, to bus imtasi ruden\u012f. <\/p>\n<p>Premjeras Mindaugas Sinkevi\u010dius neatsako, ar pritart\u0173 mobili\u0173j\u0173 telefon\u0173 u\u017edraudimui mokyklose. Visgi, jo teigimu, \u0161iuo metu yra tiriamos u\u017esienio praktikos d\u0117l socialini\u0173 tinkl\u0173 ribojim\u0173, kurie gal\u0117t\u0173 b\u016bti svarstomi ateityje.<\/p>\n<p>Ministras pirmininkas Mindaugas Sinkevi\u010dius teig\u0117, kad \u0161iuo metu rimtai svarstoma galimyb\u0117 nepriimti \u012f Lietuv\u0105 migrant\u0173 i\u0161 kit\u0173 Europos S\u0105jungos (ES) \u0161ali\u0173 ir susimok\u0117ti finansin\u012f solidarum\u0105 \u012fna\u0161\u0105. Anot jo, kol kas Vyriausyb\u0117 nei\u0161sak\u0117 ai\u0161kios pozicijos, d\u0117l to dar bus tariamasi. Vidaus reikal\u0173 ministras Martynas Katelynas pra\u0117jusi\u0105 savait\u0119 sak\u0117, kad Lietuva vietoje prieglobs\u010dio pra\u0161ytoj\u0173 perk\u0117limo i\u0161 kit\u0173 ES valstybi\u0173 tur\u0117t\u0173 sumok\u0117ti vis\u0105 finansin\u012f solidarumo \u012fna\u0161\u0105. <\/p>\n<p>Dabar Lietuva yra pasirinkusi mi\u0161ri\u0105 solidarumo \u012fna\u0161o form\u0105 \u2013 pus\u0119 \u012fsipareigojim\u0173 vykdys perkeldama prieglobs\u010dio pra\u0161ytojus, o likusi\u0105 dal\u012f \u2013 sumok\u0117dama finansin\u012f \u012fna\u0161\u0105. \u0160iemet Lietuva pagal ES solidarumo mechanizm\u0105 ketina priimti 58 migrantus ir sumok\u0117ti 1,14 mln. eur\u0173 finansin\u012f \u012fna\u0161\u0105.<\/p>\n<p>Lietuvos tautinis olimpinis komitetas (LTOK) ir Lietuvos paralimpinis komitetas (LPAK) antradien\u012f pristat\u0117 ilgalaik\u0119 iniciatyv\u0105 \u201eK\u0105 man dav\u0117 sportas?\u201c, kuria siekiama skatinti gyventoj\u0173 fizin\u012f aktyvum\u0105. Organizatori\u0173 teigimu, beveik trys ketvirtadaliai Lietuvos gyventoj\u0173 sportuoja nepakankamai, o fizinio aktyvumo stoka prisideda prie vien\u0173 pras\u010diausi\u0173 \u0161irdies ir kraujagysli\u0173 lig\u0173 rodikli\u0173 Europos S\u0105jungoje. LTOK duomenimis, 74 proc. \u0161alies gyventoj\u0173 nesportuoja pakankamai \u2013 bent tris kartus per savait\u0119. <\/p>\n<p>Tuo metu ma\u017edaug pus\u0117 Lietuvos gyventoj\u0173 mir\u0161ta nuo \u0161irdies ir kraujagysli\u0173 lig\u0173, o vienas svarbiausi\u0173 b\u016bd\u0173 \u0161iuos rodiklius ma\u017einti yra reguliarus fizinis aktyvumas. Prie akcijos prisijung\u0119s gydytojas kardiologas Pranas \u0160erpytis pabr\u0117\u017e\u0117, kad reguliarus sportas padeda ne tik stiprinti \u0161ird\u012f ir kraujagysles, bet ir ma\u017einti stres\u0105, kuris taip pat turi didel\u0119 \u012ftak\u0105 \u017emogaus sveikatai.<\/p>\n<p>Lietuvos verslo aktualijos<\/p>\n<p>Premjeras Mindaugas Sinkevi\u010dius sak\u0117, kad Vyriausyb\u0117s ir \u0161alies vadovo Gitano Naus\u0117dos l\u016bkestis d\u0117l spartesnio pensij\u0173 indeksavimo sutampa. Tiesa, prezidentui si\u016blant, kad\u00a0papildomos l\u0117\u0161os pensijoms indeksuoti konkre\u010diais metais sudaryt\u0173 ne ma\u017eiau negu 20 proc. planuojamo \u201eSodros\u201c biud\u017eeto pervir\u0161io, ministras pirmininkas sako, kad Vyriausyb\u0117 linkt\u0173 prie 15 proc. ribos. M. Sinkevi\u010dius neatmeta, kad ie\u0161kos b\u016bd\u0173, kaip atliepti prezidento l\u016bkes\u010dius ir spartinti pensij\u0173 indeksavim\u0105 taip, kad \u0161is atitikt\u0173 dabartin\u0119 ekonomin\u0119 situacij\u0105. <\/p>\n<p>Socialin\u0117s apsaugos ir darbo ministr\u0117 Inga Ruginien\u0117 tuo metu tikino, kad panaudojant dal\u012f \u201eSodros\u201c biud\u017eeto pervir\u0161io b\u016bt\u0173 galima padidinti pensijas 2\u20134 proc., o nuo to netur\u0117t\u0173 nukent\u0117t\u0173 nei \u201eSodros\u201c rezervas, nei pensij\u0173 sistema.\u00a0Prezident\u016bra anks\u010diau kritikavo, kad Vyriausyb\u0117 delsia pateikti i\u0161vad\u0105 \u0161alies vadovo si\u016blymui pensijoms didinti skirti ne ma\u017eiau nei 20 proc., bet ne daugiau nei 75 proc. \u201eSodros\u201c biud\u017eeto pervir\u0161io. \u0160is \u012fstatymo projektas Seime pateikimo stadij\u0105 \u012fveik\u0117 pernai ruden\u012f.<\/p>\n<p>       <img decoding=\"async\" src=\"https:\/\/www.europesays.com\/lt\/wp-content\/uploads\/2026\/07\/1785298953_357_7f0b66d4-fe2a-4eed-a914-23d544d35ece.jpg\" loading=\"lazy\" alt=\"Inga Ruginien\u0117\"\/>    <\/p>\n<p>Valstybin\u0117s mokes\u010di\u0173 inspekcijos (VMI) vadovo pareigas eiti prad\u0117j\u0119s Martynas Endrijaitis teig\u0117, kad viena i\u0161 svarbiausi\u0173 mokes\u010di\u0173 administratoriaus strategijos kryp\u010di\u0173 bus siekis ma\u017einti \u0161e\u0161\u0117lin\u0119 ekonomik\u0105.\u00a0Pasak jo, \u0161iam tikslui i\u0161skirtas pirmasis prioritetas yra tikslinti kontrol\u0119 auk\u0161tos rizikos sektoriuose. M. Endrijai\u010dio teigimu, nors i\u0161skiriama, kad, pavyzd\u017eiui, prekybos, statyb\u0173, turizmo, apdirbamosios pramon\u0117s, gamybos sektoriuose yra didesnis \u201e\u0161e\u0161\u0117lis\u201c, situacija kei\u010diasi, tod\u0117l b\u016bt\u0173 siekiama kasmet per\u017ei\u016br\u0117ti ir atnaujinti \u0161iuos rizikos sektorius. Naujojo VMI vadovo teigimu, siekiama apie 20 proc. didinti tikslini\u0173 patikrinim\u0173 efektyvum\u0105, aktyviau bendradarbiauti su verslo asociacijomis, tartis su verslu ir gauti i\u0161 j\u0173 patarimus. <\/p>\n<p>Kartu, anot jo, ketinama naudoti dirbtin\u012f intelekt\u0105 (DI), kuris pad\u0117t\u0173 atrinkti, pavyzd\u017eiui, ma\u017e\u0105 prid\u0117tin\u0119 vert\u0119 kurian\u010dias \u012fmones. Pasak naujo VMI vadovo, iki 2030 m. Lietuva tur\u0117t\u0173 pereiti prie B2B (angl. business to business) sektoriuje naudojam\u0173 e. s\u0105skait\u0173 fakt\u016br\u0173, kai duomenys apie \u012fvykusias transakcijas VMI b\u016bt\u0173 perduodamos realiu laiku. Anot jo, tokia sistema ateityje gal\u0117t\u0173 sudaryti s\u0105lygas i\u0161 dalies atsisakyti PVM deklaracij\u0173. M. Endrijaitis taip pat ketina siekti daugiau \u0161vietimo ir konsultavimo gyventojams bei verslui, teikti teis\u0117s aktus, kurie supaprastint\u0173 nekilnojamojo turto (NT), gyventoj\u0173 pajam\u0173 mokes\u010di\u0173 (GPM) bei turto deklaravim\u0105.<\/p>\n<p>Lietuvos teis\u0117tvarkos aktualijos<\/p>\n<p>Valstyb\u0117s sienos apsaugos tarnybos pareig\u016bnai pirmadien\u012f po savait\u0117s pertraukos Lietuvos pasienyje su Baltarusija apgr\u0119\u017e\u0117 20 neteis\u0117t\u0173 migrant\u0173. Pernai pareig\u016bnai\u00a0neleistinose vietose neleido \u012f Lietuv\u0105\u00a0i\u0161 Baltarusijos \u012fsibrauti\u00a0daugiau nei 1,6 t\u016bkst. asmen\u0173, \u0161iemet \u2013 977. Migrantai \u012f rytines Europos S\u0105jungos \u0161alis \u0117m\u0117 pl\u016bsti 2021 m., Vakarai d\u0117l to apkaltino Minsko re\u017eim\u0105.<\/p>\n<p>Prokurat\u016bra nurodo iki \u0161iol tebeatliekanti ikiteismin\u012f tyrim\u0105 d\u0117l galimai Lietuvoje veikusio Jungtini\u0173 Amerikos Valstij\u0173 (JAV) Centrin\u0117s \u017evalgybos valdybos (C\u017dV) kal\u0117jimo.\u00a0Anot prokurat\u016bros atstov\u0117s Elenos Martinonien\u0117s, tyrimo metu prokurorai su teisin\u0117s pagalbos pra\u0161ymais kreip\u0117si \u012f JAV, Lenkij\u0105, Rumunij\u0105, kitas \u0161alis, ta\u010diau reik\u0161ming\u0173 duomen\u0173 negauta. \u012etarimai tyrime niekam nepareik\u0161ti. Ikiteisminis tyrimas d\u0117l galimo C\u017dV kal\u0117jimo Lietuvoje buvo prad\u0117tas 2010 m., v\u0117liau nutrauktas, 2015 m. tyrimas atnaujintas, o 2018 m. perkvalifikuotas \u012f tyrim\u0105 d\u0117l tarptautin\u0117s teis\u0117s draud\u017eiamo elgesio su \u017emon\u0117mis. <\/p>\n<p>Vie\u0161ojoje erdv\u0117je pastaruoju metu v\u0117l prad\u0117ta kalb\u0117ti apie galimai \u0161alyje veikus\u012f slapt\u0105 \u012fkalinimo \u012fstaig\u0105 po to, kai liep\u0105 Europos \u017dmogaus Teis\u0173 Teismas konstatavo kad terorizmu \u201eAl Qaeda\u201c grupuot\u0117je \u012ftartas Saudo Arabijos pilietis Abdas Al Rahimas Husseinas Al Nashiri 2005\u20132006 m. buvo neteis\u0117tai kalinamas amerikie\u010di\u0173 kal\u0117jime Lietuvoje.<\/p>\n<p>U\u017esienio aktualijos<\/p>\n<p>Pietvakari\u0173 Japonijai smog\u0117 galingas 7,1 balo stiprumo \u017eem\u0117s dreb\u0117jimas. Japonijos ministr\u0117 pirminink\u0117 Sanae Takaichi antradien\u012f prane\u0161\u0117 apie kelis su\u017eeistuosius, sugriuvusius pastatus, gaisrus, sutrikus\u012f elektros tiekim\u0105. V\u0117liau antradien\u012f televizijos kanalas NHK skelb\u0117, kad po \u017eem\u0117s dreb\u0117jimo ma\u017eiausiai 50 \u017emoni\u0173 gydomi ligonin\u0117se. Taip pat prane\u0161ta, kad sugriuvo 12 nam\u0173: keturiais atvejais \u017emon\u0117s buvo prispausti griuv\u0117si\u0173, ta\u010diau juos pavyko i\u0161gelb\u0117ti. <\/p>\n<p>Po to pasirod\u0117 prane\u0161imai apie sugriuvus\u012f prekybos centr\u0105, kur po griuv\u0117siais gali b\u016bti \u012fstrig\u0119 de\u0161imtys \u017emoni\u0173. Pasak televizijos kanalo TBS, baiminamasi, kad daugyb\u0117 j\u0173 yra \u017euv\u0119. Naujien\u0173 portalas \u201eKyodo News\u201c taip pat prane\u0161\u0117, kad per \u017eem\u0117s dreb\u0117jim\u0105 sugriuvus namui \u017euvo vienas \u017emogus. Japonijos meteorologijos tarnyba i\u0161kart po \u017eem\u0117s dreb\u0117jimo buvo i\u0161platinusi \u012fsp\u0117jim\u0105 apie galim\u0105 cunam\u012f, ta\u010diau v\u0117liau j\u012f at\u0161auk\u0117.<\/p>\n<p>       <img decoding=\"async\" src=\"https:\/\/www.europesays.com\/lt\/wp-content\/uploads\/2026\/07\/3d09540c-6f0a-470d-8740-c17bc4e9adde.jpg\" loading=\"lazy\" alt=\"Japonijai smog\u0117 galingas \u017eem\u0117s dreb\u0117jimas\"\/>    <\/p>\n<p>JAV prad\u0117jo savo karinio buvimo Europoje per\u017ei\u016br\u0105, prane\u0161\u0117 prezidento administracijos atstovai. Apie Va\u0161ingtono planus atlikti toki\u0105 analiz\u0119 savo kolegoms NATO pra\u0117jus\u012f m\u0117nes\u012f prane\u0161\u0117 JAV gynybos sekretorius Pete&#8217;as Hegsethas. JAV gynybos viceministras Elbridge&#8217;as Colby tikino, kad \u0161ios per\u017ei\u016bros rezultatas bus \u201espartesnis NATO virtimas stipresniu, teisingesniu ir tvaresniu Aljansu\u201c. <\/p>\n<p>JAV prezidentas Donaldas Trumpas ne kart\u0105 grie\u017etai kritikavo s\u0105jungininkes Europoje d\u0117l j\u0173 reakcijos \u012f jo kar\u0105 Irane, \u012fskaitant atsisakym\u0105 leisti JAV paj\u0117goms naudotis j\u0173 baz\u0117mis karo prad\u017eioje. Va\u0161ingtonas ai\u0161kiai leido suprasti Europai, kad nori, jog NATO \u0161alys \u017eemyne prisiimt\u0173 pagrindin\u0119 atsakomyb\u0119 u\u017e savo pa\u010di\u0173 konvencin\u0119 gynyb\u0105, nes JAV d\u0117mesys vis labiau krypsta \u012f Kinij\u0105.<\/p>\n<p>Va\u0161ingtone lankosi Ukrainos prezidentas Volodymyras Zelenskis. Antradien\u012f vakare jis Baltuosiuose r\u016bmuose susitinka su JAV prezidentu Donaldu Trumpu. V. Zelenskio teigimu, vienos pagrindini\u0173 \u012f susitikimo darbotvark\u0119 \u012ftraukt\u0173 tem\u0173 \u2013 Ukrainos apsaugos nuo balistini\u0173 raket\u0173 stiprinimas ir strateginio bendradarbiavimo su JAV pl\u0117tra. Susitikimas vyksta u\u017e u\u017edar\u0173 dur\u0173. <\/p>\n<p>Po susitikimo su D. Trumpu Ukrainos prezidentas planuoja pokalb\u012f su Suomijos prezidentu Alexanderiu Stubbu. V\u0117liau antradien\u012f V. Zelenskis Kapitolijuje susitiks su JAV senatoriais. \u012e Va\u0161ington\u0105 Ukrainos prezidentas atvyko tam, kad sudalyvaut\u0173 velionio senatoriaus Lindsey Grahamo, sankcij\u0173 \u012fstatymo projekto autoriaus ir pagrindinio Ukrainos r\u0117m\u0117jo Kongrese, atminimo pamaldose.<\/p>\n","protected":false},"excerpt":{"rendered":"Reaguodamas \u012f Gitano Naus\u0117dos matym\u0105, kad vert\u0117t\u0173 siekti plataus politini\u0173 partij\u0173 susitarimo d\u0117l ilgalaikio gynybos finansavimo po 2030&hellip;\n","protected":false},"author":2,"featured_media":240188,"comment_status":"","ping_status":"","sticky":false,"template":"","format":"standard","meta":{"footnotes":"","_share_on_mastodon":"0"},"categories":[13],"tags":[25,30,31,34,35,67,24,32,33,37,39,36,38,40,354,23,22,28,29,26,27],"class_list":["post-240187","post","type-post","status-publish","format-standard","has-post-thumbnail","category-lietuva","tag-antrastes","tag-breaking-news","tag-breakingnews","tag-featured-news","tag-featurednews","tag-gitanas-nauseda","tag-headlines","tag-latest-news","tag-latestnews","tag-lietuva","tag-lietuviu","tag-lithuania","tag-lithuanian","tag-lt","tag-mindaugas-sinkevicius","tag-naujienos","tag-news","tag-populiariausios-naujienos","tag-populiariausiosnaujienos","tag-top-stories","tag-topstories"],"share_on_mastodon":{"url":"https:\/\/pubeurope.com\/@lt\/117001358178047667","error":""},"_links":{"self":[{"href":"https:\/\/www.europesays.com\/lt\/wp-json\/wp\/v2\/posts\/240187","targetHints":{"allow":["GET"]}}],"collection":[{"href":"https:\/\/www.europesays.com\/lt\/wp-json\/wp\/v2\/posts"}],"about":[{"href":"https:\/\/www.europesays.com\/lt\/wp-json\/wp\/v2\/types\/post"}],"author":[{"embeddable":true,"href":"https:\/\/www.europesays.com\/lt\/wp-json\/wp\/v2\/users\/2"}],"replies":[{"embeddable":true,"href":"https:\/\/www.europesays.com\/lt\/wp-json\/wp\/v2\/comments?post=240187"}],"version-history":[{"count":0,"href":"https:\/\/www.europesays.com\/lt\/wp-json\/wp\/v2\/posts\/240187\/revisions"}],"wp:featuredmedia":[{"embeddable":true,"href":"https:\/\/www.europesays.com\/lt\/wp-json\/wp\/v2\/media\/240188"}],"wp:attachment":[{"href":"https:\/\/www.europesays.com\/lt\/wp-json\/wp\/v2\/media?parent=240187"}],"wp:term":[{"taxonomy":"category","embeddable":true,"href":"https:\/\/www.europesays.com\/lt\/wp-json\/wp\/v2\/categories?post=240187"},{"taxonomy":"post_tag","embeddable":true,"href":"https:\/\/www.europesays.com\/lt\/wp-json\/wp\/v2\/tags?post=240187"}],"curies":[{"name":"wp","href":"https:\/\/api.w.org\/{rel}","templated":true}]}}