{"id":240560,"date":"2026-07-29T11:29:00","date_gmt":"2026-07-29T11:29:00","guid":{"rendered":"https:\/\/www.europesays.com\/lt\/240560\/"},"modified":"2026-07-29T11:29:00","modified_gmt":"2026-07-29T11:29:00","slug":"del-atsaukto-pitbullo-koncerto-estu-ituzis","status":"publish","type":"post","link":"https:\/\/www.europesays.com\/lt\/240560\/","title":{"rendered":"D\u0117l at\u0161aukto Pitbullo koncerto \u2013 est\u0173 \u012ft\u016b\u017eis"},"content":{"rendered":"<p>  <img decoding=\"async\" src=\"https:\/\/www.europesays.com\/lt\/wp-content\/uploads\/2026\/07\/5c82fa97-2281-4e0d-8be5-9478c281a6bd.jpg\" loading=\"eager\" fetchpriority=\"high\" alt=\"D\u0117l at\u0161aukto Pitbull koncerto \u2013 est\u0173 \u012ft\u016b\u017eis\"\/> <\/p>\n<p>D\u0117l at\u0161aukto Pitbull koncerto \u2013 est\u0173 \u012ft\u016b\u017eis<\/p>\n<p>FOTO:   Vida Press<\/p>\n<p>Antradienio vakar\u0105 bendrov\u0117 \u201eLive Nation\u201c prane\u0161\u0117, kad tre\u010diadien\u012f <a rel=\"noopener nofollow\" target=\"_blank\" href=\"https:\/\/www.delfi.lt\/temos\/ryga\" tag-id=\"53784301\">Rygoje<\/a> tur\u0117j\u0119s vykti <a rel=\"noopener nofollow\" target=\"_blank\" href=\"https:\/\/www.delfi.lt\/temos\/pitbull\" tag-id=\"60977975\">Pitbull<\/a> koncertas at\u0161aukiamas. Vos per kelias minutes buvo anuliuota de\u0161imtys bendrov\u0117s \u201eLux Express\u201c biliet\u0173 mar\u0161rutu Talinas\u2013Ryga, o atlik\u0117jo gerb\u0117jai suskubo ie\u0161koti b\u016bd\u0173, kaip susigr\u0105\u017einti ir u\u017e apgyvendinim\u0105 sumok\u0117tus pinigus.<\/p>\n","protected":false},"excerpt":{"rendered":"D\u0117l at\u0161aukto Pitbull koncerto \u2013 est\u0173 \u012ft\u016b\u017eis FOTO: Vida Press Antradienio vakar\u0105 bendrov\u0117 \u201eLive Nation\u201c prane\u0161\u0117, kad tre\u010diadien\u012f&hellip;\n","protected":false},"author":2,"featured_media":240561,"comment_status":"","ping_status":"","sticky":false,"template":"","format":"standard","meta":{"footnotes":"","_share_on_mastodon":"0"},"categories":[6],"tags":[25,30,31,34,35,24,32,33,37,39,36,38,40,23,22,7206,28,29,4526,26,27],"class_list":["post-240560","post","type-post","status-publish","format-standard","has-post-thumbnail","category-antrastes","tag-antrastes","tag-breaking-news","tag-breakingnews","tag-featured-news","tag-featurednews","tag-headlines","tag-latest-news","tag-latestnews","tag-lietuva","tag-lietuviu","tag-lithuania","tag-lithuanian","tag-lt","tag-naujienos","tag-news","tag-pitbull","tag-populiariausios-naujienos","tag-populiariausiosnaujienos","tag-ryga","tag-top-stories","tag-topstories"],"share_on_mastodon":{"url":"https:\/\/pubeurope.com\/@lt\/117003037740706113","error":""},"_links":{"self":[{"href":"https:\/\/www.europesays.com\/lt\/wp-json\/wp\/v2\/posts\/240560","targetHints":{"allow":["GET"]}}],"collection":[{"href":"https:\/\/www.europesays.com\/lt\/wp-json\/wp\/v2\/posts"}],"about":[{"href":"https:\/\/www.europesays.com\/lt\/wp-json\/wp\/v2\/types\/post"}],"author":[{"embeddable":true,"href":"https:\/\/www.europesays.com\/lt\/wp-json\/wp\/v2\/users\/2"}],"replies":[{"embeddable":true,"href":"https:\/\/www.europesays.com\/lt\/wp-json\/wp\/v2\/comments?post=240560"}],"version-history":[{"count":0,"href":"https:\/\/www.europesays.com\/lt\/wp-json\/wp\/v2\/posts\/240560\/revisions"}],"wp:featuredmedia":[{"embeddable":true,"href":"https:\/\/www.europesays.com\/lt\/wp-json\/wp\/v2\/media\/240561"}],"wp:attachment":[{"href":"https:\/\/www.europesays.com\/lt\/wp-json\/wp\/v2\/media?parent=240560"}],"wp:term":[{"taxonomy":"category","embeddable":true,"href":"https:\/\/www.europesays.com\/lt\/wp-json\/wp\/v2\/categories?post=240560"},{"taxonomy":"post_tag","embeddable":true,"href":"https:\/\/www.europesays.com\/lt\/wp-json\/wp\/v2\/tags?post=240560"}],"curies":[{"name":"wp","href":"https:\/\/api.w.org\/{rel}","templated":true}]}}