{"id":240568,"date":"2026-07-29T11:33:33","date_gmt":"2026-07-29T11:33:33","guid":{"rendered":"https:\/\/www.europesays.com\/lt\/240568\/"},"modified":"2026-07-29T11:33:33","modified_gmt":"2026-07-29T11:33:33","slug":"circle-k-europa-susiduria-su-dyzelino-trukumu","status":"publish","type":"post","link":"https:\/\/www.europesays.com\/lt\/240568\/","title":{"rendered":"\u201eCircle K\u201c: Europa susiduria su dyzelino tr\u016bkumu"},"content":{"rendered":"<p>  <img decoding=\"async\" src=\"https:\/\/www.europesays.com\/lt\/wp-content\/uploads\/2026\/07\/895ba325-858b-493a-8204-fbce901dea26.jpg\" loading=\"eager\" fetchpriority=\"high\" alt=\"Circle K akcija \"\/> <\/p>\n<p>Circle K akcija <\/p>\n<p>FOTO:  Dainius Labutis | Elta<\/p>\n<p>Remiantis \u201eCircle K\u201c, jau keturis m\u0117nesius trunkantis JAV ir Irano konfliktas l\u0117m\u0117, kad dyzelino atsargos Europoje suma\u017e\u0117jo iki \u017eemiausio lygio per pastaruosius ketverius metus, o prieiga prie tiekimo i\u0161 Persijos \u012flankos regiono beveik visi\u0161kai nutr\u016bko. Tuo pa\u010diu metu Europoje i\u0161augusios dyzelino kainos pastebimai suma\u017eino paklaus\u0105.<\/p>\n","protected":false},"excerpt":{"rendered":"Circle K akcija FOTO: Dainius Labutis | Elta Remiantis \u201eCircle K\u201c, jau keturis m\u0117nesius trunkantis JAV ir Irano&hellip;\n","protected":false},"author":2,"featured_media":240569,"comment_status":"","ping_status":"","sticky":false,"template":"","format":"standard","meta":{"footnotes":"","_share_on_mastodon":"0"},"categories":[15],"tags":[25,30,31,9780,21721,25848,34,35,24,32,33,37,39,36,38,40,23,22,44,15604,28,29,26,27,74,75,76],"class_list":["post-240568","post","type-post","status-publish","format-standard","has-post-thumbnail","category-pasaulis","tag-antrastes","tag-breaking-news","tag-breakingnews","tag-circle-k","tag-degalu-kainos","tag-dyzelinis-kuras","tag-featured-news","tag-featurednews","tag-headlines","tag-latest-news","tag-latestnews","tag-lietuva","tag-lietuviu","tag-lithuania","tag-lithuanian","tag-lt","tag-naujienos","tag-news","tag-pasaulis","tag-persijos-ilanka","tag-populiariausios-naujienos","tag-populiariausiosnaujienos","tag-top-stories","tag-topstories","tag-world","tag-world-news","tag-worldnews"],"share_on_mastodon":{"url":"https:\/\/pubeurope.com\/@lt\/117003053081233353","error":""},"_links":{"self":[{"href":"https:\/\/www.europesays.com\/lt\/wp-json\/wp\/v2\/posts\/240568","targetHints":{"allow":["GET"]}}],"collection":[{"href":"https:\/\/www.europesays.com\/lt\/wp-json\/wp\/v2\/posts"}],"about":[{"href":"https:\/\/www.europesays.com\/lt\/wp-json\/wp\/v2\/types\/post"}],"author":[{"embeddable":true,"href":"https:\/\/www.europesays.com\/lt\/wp-json\/wp\/v2\/users\/2"}],"replies":[{"embeddable":true,"href":"https:\/\/www.europesays.com\/lt\/wp-json\/wp\/v2\/comments?post=240568"}],"version-history":[{"count":0,"href":"https:\/\/www.europesays.com\/lt\/wp-json\/wp\/v2\/posts\/240568\/revisions"}],"wp:featuredmedia":[{"embeddable":true,"href":"https:\/\/www.europesays.com\/lt\/wp-json\/wp\/v2\/media\/240569"}],"wp:attachment":[{"href":"https:\/\/www.europesays.com\/lt\/wp-json\/wp\/v2\/media?parent=240568"}],"wp:term":[{"taxonomy":"category","embeddable":true,"href":"https:\/\/www.europesays.com\/lt\/wp-json\/wp\/v2\/categories?post=240568"},{"taxonomy":"post_tag","embeddable":true,"href":"https:\/\/www.europesays.com\/lt\/wp-json\/wp\/v2\/tags?post=240568"}],"curies":[{"name":"wp","href":"https:\/\/api.w.org\/{rel}","templated":true}]}}