{"id":241391,"date":"2026-07-30T08:12:08","date_gmt":"2026-07-30T08:12:08","guid":{"rendered":"https:\/\/www.europesays.com\/lt\/241391\/"},"modified":"2026-07-30T08:12:08","modified_gmt":"2026-07-30T08:12:08","slug":"is-baltarusijos-nematyti-metodai-po-zinios-apie-dar-viena-slapta-tuneli-aiskeja-nauji-faktai-delfi-lt","status":"publish","type":"post","link":"https:\/\/www.europesays.com\/lt\/241391\/","title":{"rendered":"I\u0161 Baltarusijos \u2013 nematyti metodai: po \u017einios apie dar vien\u0105 slapt\u0105 tunel\u012f ai\u0161k\u0117ja nauji faktai &#8211; delfi.lt"},"content":{"rendered":"<ol>\n<li><a href=\"https:\/\/news.google.com\/rss\/articles\/CBMi2wFBVV95cUxOZzdRcTFNWG1ZNWJ5TzUxakEyZGpYLTRkQlVtWGJCWktYeTBXekZZeDh0VUpfV3RUYkRwZkFjeGlUSXFWU2RPdXVFeWs2WThfanNDd3I4MEhNZ3ppMHhkU0txa1BwbkMxb2tCT2tjN3JieWh2WlY4enJ0ZnBISy1ONHVvN3BGelNNM0UzZk92dUY4MzdBQk04MkJfYlA1Wm9tWGFZTXlRZnFxOFBCekxQNnE2TjJfemZlYVpvV2toQmZVSld3cl9XV3FOQkFQOVNYR1F1MktjSG9VbnM?oc=5\" target=\"_blank\" rel=\"nofollow noopener\">I\u0161 Baltarusijos \u2013 nematyti metodai: po \u017einios apie dar vien\u0105 slapt\u0105 tunel\u012f ai\u0161k\u0117ja nauji faktai<\/a>&nbsp;&nbsp;delfi.lt<\/li>\n<li><a href=\"https:\/\/news.google.com\/rss\/articles\/CBMi6gFBVV95cUxOQ2VobTVrSGgzejNUMHNWMF95aWpZbVU1cmkwNnRyWWRnY0pHZng1bWgwQ2k2YTZRVEVKWXdkSWVoenVBMFBzRTNhc0g2a01BOE1kNWk1eXBmSUxYWGxhaGpxMlVlQnFUWFZZbDNibWNmdWw1QTZUWFRyNTZ0WUtmY1BZcGxxWXplMlB5OVI4S2NpandrdlNnN1FpdzJFbU9jQ3NwYXZXTm1IdTB4VkRhU1hwWUZSSE5yZjlNUnpYcklWajRGMVdYVS1WcEZTdFI1UFl0eDdPM3k1WHdLckVCV0tyYkpjYVZyMXc?oc=5\" target=\"_blank\" rel=\"nofollow noopener\">Pasienie\u010diai nutrauk\u0117 dar vieno migrant\u0173 i\u0161 Baltarusijos po\u017eeminio tunelio statyb\u0105<\/a>&nbsp;&nbsp;Lrytas<\/li>\n<li><a href=\"https:\/\/news.google.com\/rss\/articles\/CBMihwFBVV95cUxQamlEZmgxQWVqX1NJY0lPTWNWS1ZpaTZ5RDktWklxeTJJZ1ZxVmZDam9IeElJdVdkQ2dCbDZfaE9BcGhaNnJITVpJUFp2WnpCcGUxUU9FWGtzMzhtNEtGZFVONmM3ZmtQaTVid2pJd2NCQ2N6U1lFcVhUUEZzV3UtOWJGZGVLcDA?oc=5\" target=\"_blank\" rel=\"nofollow noopener\">Pasienie\u010diai aptiko dar vien\u0105 tunel\u012f po valstyb\u0117s siena<\/a>&nbsp;&nbsp;Vakar\u0173 ekspresas<\/li>\n<li><a href=\"https:\/\/news.google.com\/rss\/articles\/CBMiowFBVV95cUxOa244OUhEd3ozUTBmRUpMLVdVeFZkZVlBNEwyMXk3TW11SVVteENJZlVMR0NXQzV3OFJaSEUzemtJVnlRd2dWMi1fcWdYdjJQU1pzUGZ4MW1ycUR2ekxERjNzLXB6NXFmWHJrWEdxWDBVbXdSZ1hRaWN3Z1JremhjQVhzUDNtX2RPRGVQZ29vdjNWRmJFQklyUlhzYXA3MjJWTFlz?oc=5\" target=\"_blank\" rel=\"nofollow noopener\">Migrantai rado nauj\u0105 keli\u0105 \u012f Lietuv\u0105<\/a>&nbsp;&nbsp;KaunoDiena.lt<\/li>\n<li><a href=\"https:\/\/news.google.com\/rss\/articles\/CBMiwAFBVV95cUxNM3J3TEdZRUo0NU54MTMzY0J1Uk1zd2NOWXdEdEM3SHVDSmtUQzhaX2Q3V294NWpzZkhoUGhxNVVFU25ZMUUxWXBFWVJSQU9HX01peVFDNFBTYjdHcmQ1bDRxYXpDS3B1d1F2LXdCaXFPN3ZDTUllUFJMSGE5TEEzTHY2b2VyT2JIQ1dxNzVZQko1dFQwd3lYenlxT3NRWFMxYm9VVXpqa1lPZFVJVjJnbVFmYnY2OWRwVFM4aVFOMzE?oc=5\" target=\"_blank\" rel=\"nofollow noopener\">Var\u0117nos rajone pasienie\u010diai aptiko nebaigt\u0105 migrant\u0173 tunel\u012f (vaizdo \u012fra\u0161as)<\/a>&nbsp;&nbsp;Etaplius<\/li>\n<\/ol>\n","protected":false},"excerpt":{"rendered":"I\u0161 Baltarusijos \u2013 nematyti metodai: po \u017einios apie dar vien\u0105 slapt\u0105 tunel\u012f ai\u0161k\u0117ja nauji faktai&nbsp;&nbsp;delfi.lt Pasienie\u010diai nutrauk\u0117 dar&hellip;\n","protected":false},"author":2,"featured_media":241392,"comment_status":"","ping_status":"","sticky":false,"template":"","format":"standard","meta":{"footnotes":"","_share_on_mastodon":"0"},"categories":[13],"tags":[25,30,31,34,35,24,32,33,37,39,36,38,40,23,22,28,29,35735,12338,26,27,549],"class_list":["post-241391","post","type-post","status-publish","format-standard","has-post-thumbnail","category-lietuva","tag-antrastes","tag-breaking-news","tag-breakingnews","tag-featured-news","tag-featurednews","tag-headlines","tag-latest-news","tag-latestnews","tag-lietuva","tag-lietuviu","tag-lithuania","tag-lithuanian","tag-lt","tag-naujienos","tag-news","tag-populiariausios-naujienos","tag-populiariausiosnaujienos","tag-pozeminiai-tuneliai","tag-rustamas-liubajevas","tag-top-stories","tag-topstories","tag-vsat"],"share_on_mastodon":{"url":"https:\/\/pubeurope.com\/@lt\/117007924898097834","error":""},"_links":{"self":[{"href":"https:\/\/www.europesays.com\/lt\/wp-json\/wp\/v2\/posts\/241391","targetHints":{"allow":["GET"]}}],"collection":[{"href":"https:\/\/www.europesays.com\/lt\/wp-json\/wp\/v2\/posts"}],"about":[{"href":"https:\/\/www.europesays.com\/lt\/wp-json\/wp\/v2\/types\/post"}],"author":[{"embeddable":true,"href":"https:\/\/www.europesays.com\/lt\/wp-json\/wp\/v2\/users\/2"}],"replies":[{"embeddable":true,"href":"https:\/\/www.europesays.com\/lt\/wp-json\/wp\/v2\/comments?post=241391"}],"version-history":[{"count":0,"href":"https:\/\/www.europesays.com\/lt\/wp-json\/wp\/v2\/posts\/241391\/revisions"}],"wp:featuredmedia":[{"embeddable":true,"href":"https:\/\/www.europesays.com\/lt\/wp-json\/wp\/v2\/media\/241392"}],"wp:attachment":[{"href":"https:\/\/www.europesays.com\/lt\/wp-json\/wp\/v2\/media?parent=241391"}],"wp:term":[{"taxonomy":"category","embeddable":true,"href":"https:\/\/www.europesays.com\/lt\/wp-json\/wp\/v2\/categories?post=241391"},{"taxonomy":"post_tag","embeddable":true,"href":"https:\/\/www.europesays.com\/lt\/wp-json\/wp\/v2\/tags?post=241391"}],"curies":[{"name":"wp","href":"https:\/\/api.w.org\/{rel}","templated":true}]}}