{"id":241545,"date":"2026-07-30T11:27:35","date_gmt":"2026-07-30T11:27:35","guid":{"rendered":"https:\/\/www.europesays.com\/lt\/241545\/"},"modified":"2026-07-30T11:27:35","modified_gmt":"2026-07-30T11:27:35","slug":"donatas-vertina-didziuosius-sventosios-ceburekus","status":"publish","type":"post","link":"https:\/\/www.europesays.com\/lt\/241545\/","title":{"rendered":"Donatas vertina did\u017eiuosius \u0160ventosios \u010deburekus"},"content":{"rendered":"<p>Sulaukia priekai\u0161t\u0173<\/p>\n<p>Vilnietis Donatas Karklius maisto ap\u017evalgas rengia jau daugiau nei 12 met\u0173 \u2013 prad\u0117jo, kai Vilniuje ie\u0161kojo geriausio burgerio.<\/p>\n<p>\u201eMano ap\u017evalgas labiausiai veikia \u0161eima \u2013 i\u0161 prad\u017ei\u0173 su \u017emona ragavome burgerius, v\u0117liau \u0117m\u0117me ie\u0161koti \u012fvairesnio maisto, lank\u0117m\u0117s populiariose kavin\u0117se ir geresniuose restoranuose. Gimus dukroms laisvo laiko buvo ma\u017eiau, tad pakei\u010diau krypt\u012f \u2013 man pasidar\u0117 \u012fdomu med\u017eioti autenti\u0161kas valgyklas, ragauti dienos pietus ir ie\u0161koti nam\u0173 skonio, skanaus greito maisto\u201c, \u2013 \u201eDelfi maistui\u201c sako optikos tinklo \u201eGlasses on\u201c bendrasavininkas ir vienas i\u0161 vadov\u0173.<\/p>\n<p>Vyras pasakoja, kad su \u0161eima daug keliauja po Lietuv\u0105 ir m\u0117gaujasi potyriais \u2013 \u012f skoni\u0173 vertinim\u0105 aktyviai \u012fsijung\u0117 ir 7-met\u0117 poros vyresn\u0117l\u0117 dukra.<\/p>\n<p>       <img decoding=\"async\" src=\"https:\/\/www.europesays.com\/lt\/wp-content\/uploads\/2026\/07\/32f8a169-ced3-40a1-a1a5-bc8c0c2783be.jpg\" loading=\"lazy\" alt=\"Donatas Karklius\"\/>      <\/p>\n<p>\u201eNors \u0161is hobis \u201esuvalgo\u201c daug laiko, bet man smagu, kad dirbdamas versle galiu derinti \u017eemi\u0161kas skai\u010di\u0173 lenteles kartu su k\u016bryba \u2013 tai viena i\u0161 laim\u0117s paslap\u010di\u0173, kai neu\u017ego\u017ei savo galimybi\u0173 ir realizuoji keliuose amplua\u201c, \u2013 dalijasi D. Karklius.<\/p>\n<p>Per 12 met\u0173 Donatas yra pareng\u0119s arti t\u016bkstan\u010dio ap\u017evalg\u0173, kuriomis dalijasi socialiniuose tinkluose \u2013 sek\u0117j\u0173 skai\u010dius jau siekia 147 t\u016bkstan\u010dius. Tiesa, yra vienas i\u0161skirtinis niuansas, kuriuo Donatas skiriasi nuo kit\u0173 maisto ap\u017evalginink\u0173. Donatas rengia tik pozityvius reporta\u017eus, tod\u0117l ir pasivadino \u201epozityviu maisto ragautoju\u201c.<\/p>\n<p>\u201eMan priekai\u0161tauja, kad darau tik geras ap\u017evalgas. Kad tai \u012ftartina ir negerai. Bet tokia mano misija \u2013 skleisti optimizm\u0105 ir d\u017eiaugsm\u0105. A\u0161 noriu dalintis gera nuotaika, o ne ie\u0161koti prie ko prikibti.<\/p>\n<p>Ar b\u016bna blog\u0173 viet\u0173? Faktas \u2013 ir daugiau nei norisi, bet tokioms ap\u017evalgoms negai\u0161tu laiko, nes net jas darydamas a\u0161 blogai jau\u010diuosi.<\/p>\n<p>Dar kitas dalykas: a\u0161 nesu susij\u0119s su maistu, tad kaip galiu vie\u0161ai kritikuoti ir kenkti? Gal tik man neskanu, gal t\u0105 dien\u0105 ka\u017ekas nutiko virtuv\u0117je \u2013 nuteisti po vieno vizito lengva, o padaryta \u017eala gali b\u016bti mil\u017eini\u0161ka. Jei vieta bloga, nat\u016brali atranka, t. y. rinkos ekonomika viskuo pasir\u016bpins, o a\u0161 toliau skleisiu g\u0117r\u012f!\u201c \u2013 patikino maisto ragautojas.<\/p>\n<p>    <img decoding=\"async\" src=\"https:\/\/www.europesays.com\/lt\/wp-content\/uploads\/2026\/07\/d36b6317-739b-46a3-9b91-60b4ec973134.jpg\" loading=\"lazy\" alt=\"Donatas Karklius\"\/>      <\/p>\n<p>\u010ceburekus gamina vietoje<\/p>\n<p>Viena i\u0161 naujausi\u0173 Donato ap\u017evalg\u0173 \u2013 i\u0161 \u0160ventosios, kur vyras su \u0161eima u\u017esuko \u012f bar\u0105 paragauti did\u017ei\u0173j\u0173 \u010deburek\u0173.<\/p>\n<p>\u201eDaug kas pra\u0161\u0117, tad at\u0117jo laikas \u012fvertinti ir juos \u2013 did\u017eiuosius \u0160ventosios \u010deburekus. Tik ne\u017einau, kaip \u0161i\u0105 viet\u0105 vertinti, \u2013 kaip baikeri\u0173 viet\u0105 ar kaip \u010deburekin\u0119\u201c, \u2013 \u017evelgdamas \u012f baro pavadinim\u0105 svarst\u0117 Donatas.<\/p>\n<p>       <img decoding=\"async\" src=\"https:\/\/www.europesays.com\/lt\/wp-content\/uploads\/2026\/07\/5491d4f3-9f35-4371-bd7b-f96bf55b7d96.jpg\" loading=\"lazy\" alt=\"Donatas vertina \u010deburekus\"\/>      <\/p>\n<p>Baikeri\u0173 nerado, tik \u0161eimas su vaikais.<\/p>\n<p>Karkli\u0173 \u0161eima pris\u0117do terasoje.<\/p>\n<p>\u201eNegaliu sakyti, kad \u010deburek\u0173 kainos nustebino, bet 11 eur\u0173 bus did\u017eiausia, kuri\u0105 ka\u017ekada mok\u0117jau u\u017e \u010deburek\u0105\u201c, \u2013 pastebi vyras.<\/p>\n<p>    <img decoding=\"async\" src=\"https:\/\/www.europesays.com\/lt\/wp-content\/uploads\/2026\/07\/a85e9e2a-d1b1-4ded-9983-4d03bfc976c6.jpg\" loading=\"lazy\" alt=\"Donatas Karklius i\u0161band\u0117 did\u017eiuosius \u010deburekus\"\/>      <\/p>\n<p>12 eur\u0173 kainavusi pica, kaip suprato Donatas, gaminta i\u0161 itali\u0161k\u0173 ingredient\u0173, bet ne vietoje \u2013 atve\u017eta. O \u0161tai \u010deburekai, kaip tikino baro darbuotojai, gaminami vietoje, baro virtuv\u0117je.<\/p>\n<p>Atrado netik\u0117t\u0105 derin\u012f<\/p>\n<p>Donato \u0161eima u\u017esisak\u0117 2 \u010deburekus \u2013 su kiauliena ir \u0161pinatais bei s\u016briu.<\/p>\n<p>Kadangi tai ne pirmas didelis \u010deburekas Donato gyvenime, jis \u012frankiais i\u0161matuoja jo dyd\u012f ir nenusivilia \u2013 tikrai didelis.<\/p>\n<p>    <img decoding=\"async\" src=\"https:\/\/www.europesays.com\/lt\/wp-content\/uploads\/2026\/07\/3fc9c63f-9851-4257-a339-0e666b297a2f.jpg\" loading=\"lazy\" alt=\"Donatas Karklius i\u0161band\u0117 did\u017eiuosius \u010deburekus\"\/>    <\/p>\n<p>Tada atlieka riebal\u0173 test\u0105 \u2013 servet\u0117le palie\u010dia \u010debureko pavir\u0161i\u0173 \u2013 ir lieka patenkintas. Riebal\u0173 pertekliaus n\u0117ra.<\/p>\n<p>Nor\u0117damas patogiai suvalgyti tok\u012f \u010deburek\u0105, Donatas j\u012f supjausto i\u0161ilgin\u0117mis juostomis, kad gal\u0117t\u0173 susukti ir taip m\u0117gautis patiekalu.<\/p>\n<p>\u201e\u010cebureko su kiauliena skon\u012f vertinu daugiau nei teigiamai: plona ir tra\u0161ki te\u0161la maloniai persigeria m\u0117sos sultimis, deramas m\u0117sos kiekis ir skonis, tai yra, gerai paprieskoniuota. Ta\u010diau \u017emona pastebi, kad \u010debureko su var\u0161ke ir \u0161pinatais \u012fdarui tr\u016bksta prieskoni\u0173. D\u0117l to sutinku, ta\u010diau pasteb\u0117siu, kad paties \u012fdaro tikrai netr\u016bksta\u201c, \u2013 patirtimi bare dalijasi Donatas.<\/p>\n<p>    <img decoding=\"async\" src=\"https:\/\/www.europesays.com\/lt\/wp-content\/uploads\/2026\/07\/0c6e89f1-f4c5-44d3-94e2-25e7eea6de23.jpg\" loading=\"lazy\" alt=\"Donatas Karklius i\u0161band\u0117 did\u017eiuosius \u010deburekus\"\/>    <\/p>\n<p>\u010cebureko su m\u0117sa ragavo ir poros vyresn\u0117 dukra \u2013 jai patiekalo skonis taip pat patiko.<\/p>\n<p>    <img decoding=\"async\" src=\"https:\/\/www.europesays.com\/lt\/wp-content\/uploads\/2026\/07\/94f1f86f-d342-4833-802e-07a339bf023d.jpg\" loading=\"lazy\" alt=\"Donatas Karklius i\u0161band\u0117 did\u017eiuosius \u010deburekus\"\/>    <\/p>\n<p>\u201eO tada a\u0161 atradau kombinacij\u0105, kuri visk\u0105 pakeit\u0117, \u2013 kiaulienos \u010deburek\u0105 valgyti su trum\u0173 aliejumi, kuris buvo patiektas prie picos. \u0160is derinys patiekalo skon\u012f pak\u0117l\u0117 iki 10 bal\u0173 i\u0161 10\u201c, \u2013 netik\u0117tas atradimas nustebino Donat\u0105.<\/p>\n<p>       <img decoding=\"async\" src=\"https:\/\/www.europesays.com\/lt\/wp-content\/uploads\/2026\/07\/40f9ce6f-5bd9-4978-b05f-5acea73ded41.jpg\" loading=\"lazy\" alt=\"Donatas vertina \u010deburekus\"\/>      <\/p>\n<p>Galiausiai Donatas apibendrino pietus \u0160ventojoje: \u201eGal \u010dia ir buvo did\u017eiausia \u010debureko kaina, bet gr\u012f\u0161iu, patiko. Tikrai dideli ir skan\u016bs \u010deburekai.\u201c<\/p>\n","protected":false},"excerpt":{"rendered":"Sulaukia priekai\u0161t\u0173 Vilnietis Donatas Karklius maisto ap\u017evalgas rengia jau daugiau nei 12 met\u0173 \u2013 prad\u0117jo, kai Vilniuje ie\u0161kojo&hellip;\n","protected":false},"author":2,"featured_media":241546,"comment_status":"","ping_status":"","sticky":false,"template":"","format":"standard","meta":{"footnotes":"","_share_on_mastodon":"0"},"categories":[13],"tags":[25,30,31,34607,35743,34,35,24,32,33,37,39,36,38,40,23,22,28,29,11841,26,27],"class_list":["post-241545","post","type-post","status-publish","format-standard","has-post-thumbnail","category-lietuva","tag-antrastes","tag-breaking-news","tag-breakingnews","tag-ceburekai","tag-donatas-karklius","tag-featured-news","tag-featurednews","tag-headlines","tag-latest-news","tag-latestnews","tag-lietuva","tag-lietuviu","tag-lithuania","tag-lithuanian","tag-lt","tag-naujienos","tag-news","tag-populiariausios-naujienos","tag-populiariausiosnaujienos","tag-sventoji","tag-top-stories","tag-topstories"],"share_on_mastodon":{"url":"https:\/\/pubeurope.com\/@lt\/117008692176089474","error":""},"_links":{"self":[{"href":"https:\/\/www.europesays.com\/lt\/wp-json\/wp\/v2\/posts\/241545","targetHints":{"allow":["GET"]}}],"collection":[{"href":"https:\/\/www.europesays.com\/lt\/wp-json\/wp\/v2\/posts"}],"about":[{"href":"https:\/\/www.europesays.com\/lt\/wp-json\/wp\/v2\/types\/post"}],"author":[{"embeddable":true,"href":"https:\/\/www.europesays.com\/lt\/wp-json\/wp\/v2\/users\/2"}],"replies":[{"embeddable":true,"href":"https:\/\/www.europesays.com\/lt\/wp-json\/wp\/v2\/comments?post=241545"}],"version-history":[{"count":0,"href":"https:\/\/www.europesays.com\/lt\/wp-json\/wp\/v2\/posts\/241545\/revisions"}],"wp:featuredmedia":[{"embeddable":true,"href":"https:\/\/www.europesays.com\/lt\/wp-json\/wp\/v2\/media\/241546"}],"wp:attachment":[{"href":"https:\/\/www.europesays.com\/lt\/wp-json\/wp\/v2\/media?parent=241545"}],"wp:term":[{"taxonomy":"category","embeddable":true,"href":"https:\/\/www.europesays.com\/lt\/wp-json\/wp\/v2\/categories?post=241545"},{"taxonomy":"post_tag","embeddable":true,"href":"https:\/\/www.europesays.com\/lt\/wp-json\/wp\/v2\/tags?post=241545"}],"curies":[{"name":"wp","href":"https:\/\/api.w.org\/{rel}","templated":true}]}}