{"id":241759,"date":"2026-07-30T15:43:03","date_gmt":"2026-07-30T15:43:03","guid":{"rendered":"https:\/\/www.europesays.com\/lt\/241759\/"},"modified":"2026-07-30T15:43:03","modified_gmt":"2026-07-30T15:43:03","slug":"prancuzija-issiuncia-buvusia-rt-france-zurnaliste-respublika-lt","status":"publish","type":"post","link":"https:\/\/www.europesays.com\/lt\/241759\/","title":{"rendered":"Pranc\u016bzija i\u0161siun\u010dia buvusi\u0105 \u201eRT France\u201c \u017eurnalist\u0119 &#8211; Respublika.lt"},"content":{"rendered":"<p><img loading=\"lazy\" decoding=\"async\" src=\"https:\/\/www.respublika.lt\/lt\/naujienos\/pasaulis\/kitos_pasaulio_naujienos\/prancuzija-issiuncia-buvusia-rt-france-zurnaliste\/images\/ico_camera_white.gif\" class=\"camera\" width=\"22\" height=\"15\" alt=\"nuotr.\" style=\"position:relative; top:-2px; right:2px;\"\/> 1 nuotr.<\/p>\n<p>Ksenija Fedorova. RT nuotr.<\/p>\n<p style=\"text-align: left;\">Pranc\u016bzija nurod\u0117 prie\u0161taringai vertinamai rus\u0173 \u017eurnalistei Ksenijai Fedorovai palikti \u0161al\u012f, tre\u010diadien\u012f prane\u0161\u0117 \u0161alies Vidaus reikal\u0173 ministerija.<\/p>\n<p style=\"text-align: justify;\" class=\"desktop_banner\">\u00a0<\/p>\n<p style=\"text-align: left;\">Prie\u0161 tai jai buvo pareik\u0161ti kaltinimai Pranc\u016bzijos televizijoje ir radijuje aktyviai skleid\u017eiant Kremliaus propagand\u0105.<\/p>\n<p style=\"text-align: left;\">Dezinformacijos ekspertai i\u0161rei\u0161k\u0117 susir\u016bpinim\u0105 d\u0117l buvusios Rusijos valstybinio kanalo RT \u017eurnalist\u0117s \u012ftakos Pranc\u016bzijai ruo\u0161iantis kitais metais vyksiantiems prezidento rinkimams.<\/p>\n<p style=\"text-align: left;\">Pranc\u016bzijos laikra\u0161tis \u201eLiberation\u201c citavo nurodym\u0105 K. Fedorovai i\u0161vykti i\u0161 \u0161alies, kuriame ji kaltinama veikusi \u201ekaip Rusijos vald\u017eios organizuojam\u0173 dezinformacijos kampanij\u0173 tarpinink\u0117\u201c, siekiant \u201edestabilizuoti vie\u0161\u0105j\u0105 tvark\u0105\u201c Pranc\u016bzijoje.<\/p>\n<p style=\"text-align: left;\">Kanalas \u201eRT France\u201c buvo u\u017edarytas 2023 m., pra\u0117jus metams po Rusijos prezidento Vladimiro Putino \u012fsakymo prad\u0117ti plataus masto invazij\u0105 \u012f Ukrain\u0105.<\/p>\n<p style=\"text-align: left;\">Ta\u010diau pati K. Fedorova liko \u0161alyje ir \u012fsitvirtino kaip ap\u017evalginink\u0117 \u017einiasklaidos priemon\u0117se, kurios priklauso konservatyvi\u0173 pa\u017ei\u016br\u0173 milijardieriaus Vincent\u2019o Bollore\u2019o \u017einiasklaidos imperijai.<\/p>\n<p style=\"text-align: left;\">Ji reguliariai pasirodo televizijos kanale \u201eCNews\u201c, radijo stotyje \u201eEurope 1\u201c ir ra\u0161o skilt\u012f laikra\u0161tyje \u201eLe Journal du Dimanche\u201c, skleisdama Kremliaus naratyvus apie Ukrain\u0105 ir Vakarus.\u00a0<\/p>\n<p>Patiko straipsnis? Leisk mums apie tai su\u017einoti. Nepamir\u0161k pasidalinti Facebook! <\/p>\n<p><img loading=\"lazy\" decoding=\"async\" class=\"p2_social_circle_icon\" src=\"https:\/\/www.respublika.lt\/images\/thumbs_up.svg\" width=\"21\" height=\"22\" alt=\"L\"\/><\/p>\n<p><img loading=\"lazy\" decoding=\"async\" class=\"p2_social_circle_icon\" src=\"https:\/\/www.respublika.lt\/images\/facebook.svg\" alt=\"F\" width=\"22\" height=\"22\" style=\"filter: invert(37%) sepia(55%) saturate(2351%) hue-rotate(187deg) brightness(102%) contrast(106%);\"\/><\/p>\n<p>&#13;<br \/>\n\tNesutinkate &#8211; diskutuokime!<br \/>&#13;<br \/>\n\tNepykite komentatoriai, bet komentarai su keiksma\u017eod\u017eiais bus \u0161alinami automati\u0161kai, be atsipra\u0161ymo.\n    <\/p>\n<p>&#13;<br \/>\n              Respublika.lt pasilieka teis\u0119 pa\u0161alinti nekult\u016bringus, keiksma\u017eod\u017eiais pagardintus, su tema nesusijusius, kito asmens vardu pasira\u0161ytus, \u012fstatymus pa\u017eeid\u017eian\u010dius, \u0161lam\u0161t\u0105 reklamuojan\u010dius ar nusikalsti kurstan\u010dius komentarus. Jei kurstysite smurt\u0105, rasin\u0119, tautin\u0119, religin\u0119 ar kitokio pob\u016bd\u017eio neapykant\u0105, \u017evirbliu i\u0161skrid\u0119 j\u016bs\u0173 \u017eod\u017eiai gr\u012f\u017edami gali virsti ton\u0105 sverian\u010diu jau\u010diu &#8211; specialiosioms Lietuvos tarnyboms pareikalavus suteiksime j\u016bs\u0173 duomenis.\n            <\/p>\n","protected":false},"excerpt":{"rendered":"1 nuotr. Ksenija Fedorova. RT nuotr. Pranc\u016bzija nurod\u0117 prie\u0161taringai vertinamai rus\u0173 \u017eurnalistei Ksenijai Fedorovai palikti \u0161al\u012f, tre\u010diadien\u012f prane\u0161\u0117&hellip;\n","protected":false},"author":2,"featured_media":241760,"comment_status":"","ping_status":"","sticky":false,"template":"","format":"standard","meta":{"footnotes":"","_share_on_mastodon":"0"},"categories":[15],"tags":[25,30,31,34,35,35762,35764,24,35766,15448,32,33,37,39,36,38,40,23,22,35765,44,1269,28,29,651,35763,119,159,26,27,360,74,75,76],"class_list":["post-241759","post","type-post","status-publish","format-standard","has-post-thumbnail","category-pasaulis","tag-antrastes","tag-breaking-news","tag-breakingnews","tag-featured-news","tag-featurednews","tag-fedorova","tag-france","tag-headlines","tag-is","tag-isvykti","tag-latest-news","tag-latestnews","tag-lietuva","tag-lietuviu","tag-lithuania","tag-lithuanian","tag-lt","tag-naujienos","tag-news","tag-nurodymas","tag-pasaulis","tag-politika","tag-populiariausios-naujienos","tag-populiariausiosnaujienos","tag-prancuzija","tag-rt","tag-rusija","tag-salies","tag-top-stories","tag-topstories","tag-ukraina","tag-world","tag-world-news","tag-worldnews"],"share_on_mastodon":{"url":"https:\/\/pubeurope.com\/@lt\/117009698948660923","error":""},"_links":{"self":[{"href":"https:\/\/www.europesays.com\/lt\/wp-json\/wp\/v2\/posts\/241759","targetHints":{"allow":["GET"]}}],"collection":[{"href":"https:\/\/www.europesays.com\/lt\/wp-json\/wp\/v2\/posts"}],"about":[{"href":"https:\/\/www.europesays.com\/lt\/wp-json\/wp\/v2\/types\/post"}],"author":[{"embeddable":true,"href":"https:\/\/www.europesays.com\/lt\/wp-json\/wp\/v2\/users\/2"}],"replies":[{"embeddable":true,"href":"https:\/\/www.europesays.com\/lt\/wp-json\/wp\/v2\/comments?post=241759"}],"version-history":[{"count":0,"href":"https:\/\/www.europesays.com\/lt\/wp-json\/wp\/v2\/posts\/241759\/revisions"}],"wp:featuredmedia":[{"embeddable":true,"href":"https:\/\/www.europesays.com\/lt\/wp-json\/wp\/v2\/media\/241760"}],"wp:attachment":[{"href":"https:\/\/www.europesays.com\/lt\/wp-json\/wp\/v2\/media?parent=241759"}],"wp:term":[{"taxonomy":"category","embeddable":true,"href":"https:\/\/www.europesays.com\/lt\/wp-json\/wp\/v2\/categories?post=241759"},{"taxonomy":"post_tag","embeddable":true,"href":"https:\/\/www.europesays.com\/lt\/wp-json\/wp\/v2\/tags?post=241759"}],"curies":[{"name":"wp","href":"https:\/\/api.w.org\/{rel}","templated":true}]}}