{"id":241847,"date":"2026-07-30T17:17:16","date_gmt":"2026-07-30T17:17:16","guid":{"rendered":"https:\/\/www.europesays.com\/lt\/241847\/"},"modified":"2026-07-30T17:17:16","modified_gmt":"2026-07-30T17:17:16","slug":"tautiniu-mazumu-mokyklose-stiprinama-lietuviu-kalba","status":"publish","type":"post","link":"https:\/\/www.europesays.com\/lt\/241847\/","title":{"rendered":"Tautini\u0173 ma\u017eum\u0173 mokyklose stiprinama lietuvi\u0173 kalba"},"content":{"rendered":"<p>  <img decoding=\"async\" src=\"https:\/\/www.europesays.com\/lt\/wp-content\/uploads\/2026\/07\/e6f240a4-dfc3-43bb-9f6a-c3936cb6f449.jpg\" loading=\"eager\" fetchpriority=\"high\" alt=\"\u0160vietimo, mokslo ir sporto ministerija\"\/> <\/p>\n<p>\u0160vietimo, mokslo ir sporto ministerija<\/p>\n<p>FOTO:  Dainius Labutis | Epa &#8211; Elta<\/p>\n<p>\u0160vietimo, mokslo ir sporto ministerija (\u0160MSM) pakoregavo 2026\u20132027 mokslo met\u0173 bendruosius ugdymo planus. Nuo rugs\u0117jo tautini\u0173 ma\u017eum\u0173 mokyklose daug\u0117s lietuvi\u0173 kalbos pamok\u0173, gimnazistams bus ma\u017einamas privalomos socialin\u0117s veiklos valand\u0173 skai\u010dius, o valstybini\u0173 brandos egzamin\u0173 laikotarpiui nustatyta ai\u0161kesn\u0117 ugdymo tvarka.<\/p>\n","protected":false},"excerpt":{"rendered":"\u0160vietimo, mokslo ir sporto ministerija FOTO: Dainius Labutis | Epa &#8211; Elta \u0160vietimo, mokslo ir sporto ministerija (\u0160MSM)&hellip;\n","protected":false},"author":2,"featured_media":241848,"comment_status":"","ping_status":"","sticky":false,"template":"","format":"standard","meta":{"footnotes":"","_share_on_mastodon":"0"},"categories":[13],"tags":[25,30,31,34,35,24,32,33,37,39,5818,36,38,40,23,22,28,29,1904,26,27],"class_list":["post-241847","post","type-post","status-publish","format-standard","has-post-thumbnail","category-lietuva","tag-antrastes","tag-breaking-news","tag-breakingnews","tag-featured-news","tag-featurednews","tag-headlines","tag-latest-news","tag-latestnews","tag-lietuva","tag-lietuviu","tag-lietuviu-kalba","tag-lithuania","tag-lithuanian","tag-lt","tag-naujienos","tag-news","tag-populiariausios-naujienos","tag-populiariausiosnaujienos","tag-smsm","tag-top-stories","tag-topstories"],"share_on_mastodon":{"url":"https:\/\/pubeurope.com\/@lt\/117010068024473854","error":""},"_links":{"self":[{"href":"https:\/\/www.europesays.com\/lt\/wp-json\/wp\/v2\/posts\/241847","targetHints":{"allow":["GET"]}}],"collection":[{"href":"https:\/\/www.europesays.com\/lt\/wp-json\/wp\/v2\/posts"}],"about":[{"href":"https:\/\/www.europesays.com\/lt\/wp-json\/wp\/v2\/types\/post"}],"author":[{"embeddable":true,"href":"https:\/\/www.europesays.com\/lt\/wp-json\/wp\/v2\/users\/2"}],"replies":[{"embeddable":true,"href":"https:\/\/www.europesays.com\/lt\/wp-json\/wp\/v2\/comments?post=241847"}],"version-history":[{"count":0,"href":"https:\/\/www.europesays.com\/lt\/wp-json\/wp\/v2\/posts\/241847\/revisions"}],"wp:featuredmedia":[{"embeddable":true,"href":"https:\/\/www.europesays.com\/lt\/wp-json\/wp\/v2\/media\/241848"}],"wp:attachment":[{"href":"https:\/\/www.europesays.com\/lt\/wp-json\/wp\/v2\/media?parent=241847"}],"wp:term":[{"taxonomy":"category","embeddable":true,"href":"https:\/\/www.europesays.com\/lt\/wp-json\/wp\/v2\/categories?post=241847"},{"taxonomy":"post_tag","embeddable":true,"href":"https:\/\/www.europesays.com\/lt\/wp-json\/wp\/v2\/tags?post=241847"}],"curies":[{"name":"wp","href":"https:\/\/api.w.org\/{rel}","templated":true}]}}