{"id":241950,"date":"2026-07-30T19:36:36","date_gmt":"2026-07-30T19:36:36","guid":{"rendered":"https:\/\/www.europesays.com\/lt\/241950\/"},"modified":"2026-07-30T19:36:36","modified_gmt":"2026-07-30T19:36:36","slug":"lietuvoje-zaidusi-nba-zvaigzde-teisme-del-didziules-skolos","status":"publish","type":"post","link":"https:\/\/www.europesays.com\/lt\/241950\/","title":{"rendered":"Lietuvoje \u017eaidusi NBA \u017evaig\u017ed\u0117 \u2013 teisme d\u0117l did\u017eiul\u0117s skolos"},"content":{"rendered":"<p>\u0160i\u0105 vasar\u0105 L. Ballas pirm\u0105 kart\u0105 atsid\u016br\u0117 main\u0173 s\u016bkuryje, kuomet po \u0161e\u0161eri\u0173 met\u0173 \u0160arlot\u0117s \u201eHornets\u201c gretose buvo i\u0161keistas \u012f Minesotos \u201eTimberwolves\u201c. 2020 m. naujok\u0173 bir\u017eoje 24-eri\u0173 krep\u0161ininkas \u0160arlot\u0117s ekipos buvo pakviestas tre\u010diuoju \u0161aukimu.<\/p>\n<p>\u201eHornets\u201c \u012f main\u0173 paket\u0105 taip pat \u012ftrauk\u0117 puol\u0117j\u0105 Josh\u0105 Green\u0105, o u\u017e tok\u012f duet\u0105 komanda gaus auk\u0161ta\u016bg\u012f Naz\u0105 Reid\u0105, vien\u0105 neapsaugot\u0105 2033 m. pirmojo rato \u0161aukim\u0105, tris galimybes apsikeisti pirmojo rato \u0161aukimais ir dar tris antrojo rato \u0161aukimus.<\/p>\n<p>Vis d\u0117lto \u0160arlot\u0117s miest\u0105 gyn\u0117jas paliko su skolomis \u2013 L. Ballas buvo paduotas \u012f teism\u0105, kaltinant j\u012f nesumok\u0117jus 181,5 t\u016bkst. JAV doleri\u0173 nuomos ir daugiau nei 90 t\u016bkst. u\u017e komunalines paslaugas. Bendra ie\u0161kinyje gin\u010dijama suma vir\u0161ija net 270 t\u016bkst.<\/p>\n<p>Byla susijusi su dviem L. Ballo nuomotais butais \u0160arlot\u0117je, i\u0161 kuri\u0173 viename gyveno ilgametis vyro vadybininkas Jermaine&#8217;as Jacksonas. Visgi kol kas tai t\u0117ra ie\u0161kov\u0117s pateikti kaltinimai \u2013 teismas dar nepripa\u017eino, kad jis privalo sumok\u0117ti \u0161iuos pinigus.<\/p>\n<p>Amerikie\u010diui ie\u0161kin\u012f i\u0161k\u0117l\u0117 nekilnojamo turto valdymo bendrov\u0117 \u201eAgape Property Management Group\u201c, kuri kreip\u0117si \u012f \u0160iaur\u0117s Karolinos teism\u0105, tikindama, jog L. Ballas ir jo interesams atstovaujantis J. Jacksonas \u0161iurk\u0161\u010diai pa\u017eeid\u0117 nuomos susitarimus.<\/p>\n<p>Tiesa, tai ne pirmas NBA \u017evaig\u017ed\u0117s teisinis gin\u010das \u2013 prie\u0161 m\u0117nes\u012f kitoje byloje jos buvo reikalaujama atlyginti \u017eal\u0105 d\u0117l vasar\u012f sukeltos autoavarijos metu su\u017ealoto nepilname\u010dio. Nors krep\u0161ininkas kaltinimus neig\u0117, abi pus\u0117s susitar\u0117 d\u0117l kompensacijos.<\/p>\n<p>Primename, kad pirmuosius \u017eingsnius savo profesionalo karjeroje L. Ballas \u017eeng\u0117 b\u016btent Lietuvoje, kuomet 2018-aisiais, dar b\u016bdamas paauglys, jis kartu su broliu LiAngelo trumpai rungtyniavo Prien\u0173-Bir\u0161tono \u201eVytauto\u201c komandoje LKL \u010dempionate.<\/p>\n","protected":false},"excerpt":{"rendered":"\u0160i\u0105 vasar\u0105 L. Ballas pirm\u0105 kart\u0105 atsid\u016br\u0117 main\u0173 s\u016bkuryje, kuomet po \u0161e\u0161eri\u0173 met\u0173 \u0160arlot\u0117s \u201eHornets\u201c gretose buvo i\u0161keistas&hellip;\n","protected":false},"author":2,"featured_media":241951,"comment_status":"","ping_status":"","sticky":false,"template":"","format":"standard","meta":{"footnotes":"","_share_on_mastodon":"0"},"categories":[19],"tags":[22408,37,39,36,38,40,4004,310,35787,12545,47,104],"class_list":["post-241950","post","type-post","status-publish","format-standard","has-post-thumbnail","category-sportas","tag-lamelo-ballas","tag-lietuva","tag-lietuviu","tag-lithuania","tag-lithuanian","tag-lt","tag-minesotos-timberwolves","tag-nba","tag-prienu-birstono-vytautas","tag-sarlotes-hornets","tag-sportas","tag-sports"],"share_on_mastodon":{"url":"https:\/\/pubeurope.com\/@lt\/117010614461953966","error":""},"_links":{"self":[{"href":"https:\/\/www.europesays.com\/lt\/wp-json\/wp\/v2\/posts\/241950","targetHints":{"allow":["GET"]}}],"collection":[{"href":"https:\/\/www.europesays.com\/lt\/wp-json\/wp\/v2\/posts"}],"about":[{"href":"https:\/\/www.europesays.com\/lt\/wp-json\/wp\/v2\/types\/post"}],"author":[{"embeddable":true,"href":"https:\/\/www.europesays.com\/lt\/wp-json\/wp\/v2\/users\/2"}],"replies":[{"embeddable":true,"href":"https:\/\/www.europesays.com\/lt\/wp-json\/wp\/v2\/comments?post=241950"}],"version-history":[{"count":0,"href":"https:\/\/www.europesays.com\/lt\/wp-json\/wp\/v2\/posts\/241950\/revisions"}],"wp:featuredmedia":[{"embeddable":true,"href":"https:\/\/www.europesays.com\/lt\/wp-json\/wp\/v2\/media\/241951"}],"wp:attachment":[{"href":"https:\/\/www.europesays.com\/lt\/wp-json\/wp\/v2\/media?parent=241950"}],"wp:term":[{"taxonomy":"category","embeddable":true,"href":"https:\/\/www.europesays.com\/lt\/wp-json\/wp\/v2\/categories?post=241950"},{"taxonomy":"post_tag","embeddable":true,"href":"https:\/\/www.europesays.com\/lt\/wp-json\/wp\/v2\/tags?post=241950"}],"curies":[{"name":"wp","href":"https:\/\/api.w.org\/{rel}","templated":true}]}}