{"id":242024,"date":"2026-07-30T21:24:10","date_gmt":"2026-07-30T21:24:10","guid":{"rendered":"https:\/\/www.europesays.com\/lt\/242024\/"},"modified":"2026-07-30T21:24:10","modified_gmt":"2026-07-30T21:24:10","slug":"dvi-europos-salys-sulauke-griezto-irano-ispejimo","status":"publish","type":"post","link":"https:\/\/www.europesays.com\/lt\/242024\/","title":{"rendered":"Dvi Europos \u0161alys sulauk\u0117 grie\u017eto Irano \u012fsp\u0117jimo"},"content":{"rendered":"<p>Per <a rel=\"noopener nofollow\" target=\"_blank\" href=\"https:\/\/www.delfi.lt\/temos\/iranas\" tag-id=\"51347403\">Irano<\/a> ir <a rel=\"noopener nofollow\" target=\"_blank\" href=\"https:\/\/www.delfi.lt\/temos\/kipras\" tag-id=\"21801356\">Kipro<\/a> u\u017esienio reikal\u0173 ministr\u0173 pokalb\u012f telefonu Irano u\u017esienio reikal\u0173 ministras Abbasas Araghchi pabr\u0117\u017e\u0117, kad b\u016btina \u201eneleisti prie\u0161i\u0161koms paj\u0117goms naudotis Kipre esan\u010diomis u\u017esienio karin\u0117mis baz\u0117mis atakoms prie\u0161 Iran\u0105\u201c.<\/p>\n<p>Jis prid\u016br\u0117, kad jei valstyb\u0117 leid\u017eia kitai \u0161aliai naudoti savo teritorij\u0105 prie\u0161i\u0161kiems veiksmams, tai b\u016bt\u0173 traktuojama kaip prisid\u0117jimas prie agresijos.<\/p>\n<p>Kipro u\u017esienio reikal\u0173 ministras Constantinosas Kombosas parei\u0161k\u0117, kad jo vyriausyb\u0117 i\u0161 Jungtin\u0117s Karalyst\u0117s gavo patikinim\u0105, jog Kipre esan\u010dios brit\u0173 karin\u0117s baz\u0117s nebus naudojamos prie\u0161 joki\u0105 valstyb\u0119, taip pat Iran\u0105, teigiama Irano u\u017esienio reikal\u0173 ministerijos prane\u0161ime.<\/p>\n<p>Pokalbyje su <a rel=\"noopener nofollow\" target=\"_blank\" href=\"https:\/\/www.delfi.lt\/temos\/bulgarija\" tag-id=\"21801154\">Bulgarijos<\/a> u\u017esienio reikal\u0173 ministre Velislava Petrova Chamova A. Araghchi paragino Bulgarijos vyriausyb\u0119 persvarstyti sprendim\u0105 leisti JAV kariniams orlaiviams naudotis viena i\u0161 \u0161alies karini\u0173 bazi\u0173 karin\u0117ms operacijoms vykdyti.<\/p>\n<p>     <img decoding=\"async\" src=\"https:\/\/static.delfi.lt\/portal\/images\/article\/icon-pullout.svg\" alt=\"\"\/> <\/p>\n<p>\u201eIranas tikisi, kad Bulgarijos vyriausyb\u0117 skubiai persvarstys savo sprendim\u0105\u201c, \u2013 sak\u0117 Irano u\u017esienio reikal\u0173 ministras. <\/p>\n<p>Jis persp\u0117jo, kad Islamo Respublika \u201enedvejodama gins savo nacionalinius interesus ir saugum\u0105 nuo agresijos ar prie\u0161i\u0161k\u0173 veiksm\u0173, o bet kuri \u0161alis, vienaip ar kitaip prisid\u0117jusi prie agresijos prie\u0161 Iran\u0105, tur\u0117s prisiimti atsakomyb\u0119 u\u017e pasekmes\u201c.<\/p>\n<p>Anks\u010diau \u0161\u012f m\u0117nes\u012f Bulgarijos parlamentas pritar\u0117 vyriausyb\u0117s si\u016blymui leisti <a rel=\"noopener nofollow\" target=\"_blank\" href=\"https:\/\/www.delfi.lt\/temos\/jav\" tag-id=\"39295467\">JAV<\/a> kariuomenei naudotis viena \u0161alies oro baze operacijoms Artimuosiuose Rytuose remti.<\/p>\n<p>Iranas jau anks\u010diau taik\u0117si \u012f kelias Persijos \u012flankos arab\u0173 valstybes, kaltindamas jas leidus Jungtin\u0117ms Valstijoms i\u0161 j\u0173 teritorijoje esan\u010di\u0173 bazi\u0173 rengti sm\u016bgius prie\u0161 Teheran\u0105.<\/p>\n","protected":false},"excerpt":{"rendered":"Per Irano ir Kipro u\u017esienio reikal\u0173 ministr\u0173 pokalb\u012f telefonu Irano u\u017esienio reikal\u0173 ministras Abbasas Araghchi pabr\u0117\u017e\u0117, kad b\u016btina&hellip;\n","protected":false},"author":2,"featured_media":242025,"comment_status":"","ping_status":"","sticky":false,"template":"","format":"standard","meta":{"footnotes":"","_share_on_mastodon":"0"},"categories":[15],"tags":[25,30,31,9509,34,35,24,79,223,10379,32,33,37,39,36,38,40,23,22,44,28,29,26,27,74,75,76],"class_list":["post-242024","post","type-post","status-publish","format-standard","has-post-thumbnail","category-pasaulis","tag-antrastes","tag-breaking-news","tag-breakingnews","tag-bulgarija","tag-featured-news","tag-featurednews","tag-headlines","tag-iranas","tag-jav","tag-kipras","tag-latest-news","tag-latestnews","tag-lietuva","tag-lietuviu","tag-lithuania","tag-lithuanian","tag-lt","tag-naujienos","tag-news","tag-pasaulis","tag-populiariausios-naujienos","tag-populiariausiosnaujienos","tag-top-stories","tag-topstories","tag-world","tag-world-news","tag-worldnews"],"share_on_mastodon":{"url":"https:\/\/pubeurope.com\/@lt\/117011039558848622","error":""},"_links":{"self":[{"href":"https:\/\/www.europesays.com\/lt\/wp-json\/wp\/v2\/posts\/242024","targetHints":{"allow":["GET"]}}],"collection":[{"href":"https:\/\/www.europesays.com\/lt\/wp-json\/wp\/v2\/posts"}],"about":[{"href":"https:\/\/www.europesays.com\/lt\/wp-json\/wp\/v2\/types\/post"}],"author":[{"embeddable":true,"href":"https:\/\/www.europesays.com\/lt\/wp-json\/wp\/v2\/users\/2"}],"replies":[{"embeddable":true,"href":"https:\/\/www.europesays.com\/lt\/wp-json\/wp\/v2\/comments?post=242024"}],"version-history":[{"count":0,"href":"https:\/\/www.europesays.com\/lt\/wp-json\/wp\/v2\/posts\/242024\/revisions"}],"wp:featuredmedia":[{"embeddable":true,"href":"https:\/\/www.europesays.com\/lt\/wp-json\/wp\/v2\/media\/242025"}],"wp:attachment":[{"href":"https:\/\/www.europesays.com\/lt\/wp-json\/wp\/v2\/media?parent=242024"}],"wp:term":[{"taxonomy":"category","embeddable":true,"href":"https:\/\/www.europesays.com\/lt\/wp-json\/wp\/v2\/categories?post=242024"},{"taxonomy":"post_tag","embeddable":true,"href":"https:\/\/www.europesays.com\/lt\/wp-json\/wp\/v2\/tags?post=242024"}],"curies":[{"name":"wp","href":"https:\/\/api.w.org\/{rel}","templated":true}]}}