{"id":242040,"date":"2026-07-30T22:01:08","date_gmt":"2026-07-30T22:01:08","guid":{"rendered":"https:\/\/www.europesays.com\/lt\/242040\/"},"modified":"2026-07-30T22:01:08","modified_gmt":"2026-07-30T22:01:08","slug":"es-skelbia-konkursa-iki-septyniu-di-gigafabriku-statybai-skirs-net-1-milijarda-euru","status":"publish","type":"post","link":"https:\/\/www.europesays.com\/lt\/242040\/","title":{"rendered":"ES skelbia konkurs\u0105 iki septyni\u0173 DI \u201egigafabrik\u0173\u201c statybai \u2013 skirs \u201enet\u201c 1 milijard\u0105 eur\u0173"},"content":{"rendered":"<p>\t\t\t\t\t<a href=\"https:\/\/infa.lt\/wp-content\/uploads\/2025\/11\/ursula-von-der-leyen-pinigai.webp\" rel=\"lightbox nofollow noopener\" target=\"_blank\"><img loading=\"lazy\" decoding=\"async\" aria-describedby=\"caption-attachment-133321\" class=\"wp-image-133321 size-medium\" src=\"https:\/\/www.europesays.com\/lt\/wp-content\/uploads\/2026\/07\/ursula-von-der-leyen-pinigai-666x375.webp\" alt=\"Ursula von der Leyen\" width=\"666\" height=\"375\"  \/><\/a><\/p>\n<p id=\"caption-attachment-133321\" class=\"wp-caption-text\">paveiksl\u0117lis: infa.lt \/ DI<\/p>\n<p class=\"caps\">Europos Komisija (EK) oficialiai prad\u0117jo vie\u0161\u0173j\u0173 pirkim\u0173 konkurs\u0105, kuriuo siekiama finansi\u0161kai paremti iki septyni\u0173 dirbtinio intelekto gigafabrik\u0173 k\u016brim\u0105 Europoje. \u0160ia iniciatyva Briuselis siekia sukurti suvereni\u0105 infrastrukt\u016br\u0105, b\u016btin\u0105 pa\u017eangiems DI modeliams treniruoti ir priklausomybei nuo u\u017esienio technologij\u0173 tiek\u0117j\u0173 suma\u017einti, prane\u0161a \u201e<a href=\"https:\/\/www.euronews.com\/my-europe\/2026\/07\/30\/eu-opens-call-for-seven-gigafactories-to-train-next-generation-ai-technologies\" target=\"_blank\" rel=\"noopener nofollow\">Euronews<\/a>\u201c leidinys.<\/p>\n<p>Projektas, kurio id\u0117j\u0105 Europos Komisijos pirminink\u0117 <a style=\"color: #b00b0b;\" href=\"https:\/\/infa.lt\/tag\/ursula-von-der-leyen\" rel=\"noopener noreferrer nofollow\" target=\"_blank\">Ursula von der Leyen<\/a> paskelb\u0117 2025 m. vasar\u012f Pary\u017eiuje vykusioje DI veiksm\u0173 vir\u0161\u016bni\u0173 susitikime, sulauk\u0117 didelio pramon\u0117s susidom\u0117jimo \u2013 pirmin\u012f susidom\u0117jim\u0105 i\u0161rei\u0161k\u0117 76 galimi konsorciumai. D\u0117l to pirminis planas i\u0161pl\u0117stas nuo keturi\u0173 ar penki\u0173 iki septyni\u0173 objekt\u0173.<\/p>\n<p>Finansavimas ir biud\u017eeto i\u0161\u0161\u016bkiai \u2013 pinig\u0173 n\u0117ra<\/p>\n<ul>\n<li>Investicij\u0173 strukt\u016bra: privatus sektorius tur\u0117s padengti du tre\u010ddalius bendr\u0173 investicij\u0173, o vie\u0161asis sektorius \u2013 likus\u012f tre\u010ddal\u012f (apie 10 mlrd. eur\u0173).<\/li>\n<li>Vie\u0161asis ind\u0117lis: Briuselis skirs apie 5 mlrd. eur\u0173, o dar tiek pat prid\u0117s remian\u010dios valstyb\u0117s nar\u0117s.<\/li>\n<li>Biud\u017eeto ribojimai: pagal dabartin\u012f biud\u017eet\u0105 EK kol kas gali skirti tik 1 mlrd. eur\u0173, o likusi dalis laukiama i\u0161 b\u016bsimos Daugiamet\u0117s finansin\u0117s programos (MFF), d\u0117l kurios derybos tebevyksta.<\/li>\n<\/ul>\n<p>Mainais u\u017e vie\u0161\u0105sias l\u0117\u0161as ES ir \u0161alys nar\u0117s gaus proporcing\u0105 prieig\u0105 prie skai\u010diavimo paj\u0117gum\u0173, skirt\u0173 vie\u0161iesiems projektams bei tyrim\u0173 centrams. Tuo metu visos eksploatacin\u0117s i\u0161laidos teks privatiems partneriams, kurie tur\u0117s u\u017etikrinti projekt\u0173 finansin\u012f tvarum\u0105 per komercines paslaugas.<\/p>\n<p>Lokacijos ir technologin\u0117 priklausomyb\u0117<\/p>\n<p>D\u0117l teis\u0117s vykdyti projektus parai\u0161kas pateik\u0117 arba susidom\u0117jim\u0105 i\u0161rei\u0161k\u0117 de\u0161imt \u0161ali\u0173: Vokietija, Italija, Pranc\u016bzija, Lenkija, \u010cekija, Danija, Suomija, Graikija, Portugalija ir Ispanija.<\/p>\n<p>Pranc\u016bzija jau signalizavo ketinanti veikti viena.<\/p>\n<p>Nors siekiama technologinio suverenumo, Europa i\u0161lieka priklausoma nuo u\u017esienio lust\u0173 gamintoj\u0173. Kad b\u016bt\u0173 suma\u017einta \u0161i rizika, EK jau pasira\u0161\u0117 supratimo memorandumus su trimis bendrov\u0117mis: \u201eNvidia\u201c, \u201eAMD\u201c ir \u201eQualcomm\u201c.<\/p>\n<p>Planuojama, kad s\u0117kming\u0173 projekt\u0173 fizin\u0117s statybos prasid\u0117s 2027 m. prad\u017eioje, o pa\u010dios gamyklos tapt\u0173 operatyvios iki 2028 m. vidurio.<\/p>\n","protected":false},"excerpt":{"rendered":"paveiksl\u0117lis: infa.lt \/ DI Europos Komisija (EK) oficialiai prad\u0117jo vie\u0161\u0173j\u0173 pirkim\u0173 konkurs\u0105, kuriuo siekiama finansi\u0161kai paremti iki septyni\u0173&hellip;\n","protected":false},"author":2,"featured_media":242041,"comment_status":"","ping_status":"","sticky":false,"template":"","format":"standard","meta":{"footnotes":"","_share_on_mastodon":"0"},"categories":[17],"tags":[81,295,5413,672,35793,35794,37,39,36,38,40,1666,1815,46],"class_list":["post-242040","post","type-post","status-publish","format-standard","has-post-thumbnail","category-verslas","tag-business","tag-dirbtinis-intelektas","tag-ek","tag-es","tag-es-skola","tag-gigafabrikai","tag-lietuva","tag-lietuviu","tag-lithuania","tag-lithuanian","tag-lt","tag-pinigai","tag-ursula-von-der-leyen","tag-verslas"],"share_on_mastodon":{"url":"https:\/\/pubeurope.com\/@lt\/117011185066354189","error":""},"_links":{"self":[{"href":"https:\/\/www.europesays.com\/lt\/wp-json\/wp\/v2\/posts\/242040","targetHints":{"allow":["GET"]}}],"collection":[{"href":"https:\/\/www.europesays.com\/lt\/wp-json\/wp\/v2\/posts"}],"about":[{"href":"https:\/\/www.europesays.com\/lt\/wp-json\/wp\/v2\/types\/post"}],"author":[{"embeddable":true,"href":"https:\/\/www.europesays.com\/lt\/wp-json\/wp\/v2\/users\/2"}],"replies":[{"embeddable":true,"href":"https:\/\/www.europesays.com\/lt\/wp-json\/wp\/v2\/comments?post=242040"}],"version-history":[{"count":0,"href":"https:\/\/www.europesays.com\/lt\/wp-json\/wp\/v2\/posts\/242040\/revisions"}],"wp:featuredmedia":[{"embeddable":true,"href":"https:\/\/www.europesays.com\/lt\/wp-json\/wp\/v2\/media\/242041"}],"wp:attachment":[{"href":"https:\/\/www.europesays.com\/lt\/wp-json\/wp\/v2\/media?parent=242040"}],"wp:term":[{"taxonomy":"category","embeddable":true,"href":"https:\/\/www.europesays.com\/lt\/wp-json\/wp\/v2\/categories?post=242040"},{"taxonomy":"post_tag","embeddable":true,"href":"https:\/\/www.europesays.com\/lt\/wp-json\/wp\/v2\/tags?post=242040"}],"curies":[{"name":"wp","href":"https:\/\/api.w.org\/{rel}","templated":true}]}}