{"id":242279,"date":"2026-07-31T08:02:08","date_gmt":"2026-07-31T08:02:08","guid":{"rendered":"https:\/\/www.europesays.com\/lt\/242279\/"},"modified":"2026-07-31T08:02:08","modified_gmt":"2026-07-31T08:02:08","slug":"is-prancuzijos-dar-vienas-smugis-kremliaus-komentatorei","status":"publish","type":"post","link":"https:\/\/www.europesays.com\/lt\/242279\/","title":{"rendered":"I\u0161 Pranc\u016bzijos \u2013 dar vienas sm\u016bgis Kremliaus komentatorei"},"content":{"rendered":"<p>Penktadien\u012f paskelbtu dekretu jos turtas \u012f\u0161aldomas nedelsiant. Kaip nurod\u0117 Pranc\u016bzijos finans\u0173 ministerija, taikomas teisinis mechanizmas, \u201eskirtas u\u017ekirsti keli\u0105 ki\u0161imosi veiksmams\u201c, o \u0161i priemon\u0117 prireikus gali b\u016bti prat\u0119sta.<\/p>\n<p>Kaip ra\u0161\u0117 ELTA, konservatyvi\u0173 pa\u017ei\u016br\u0173 Pranc\u016bzijos milijardieriui Vincent\u2019ui Bollore\u2019ui priklausan\u010dioje \u017einiasklaidos grup\u0117je dirbanti K. Fiodorova tre\u010diadien\u012f sulauk\u0117 Pranc\u016bzijos vidaus reikal\u0173 ministerijos nurodymo i\u0161vykti i\u0161 \u0161alies. Prie\u0161 tai ji buvo apkaltinta Pranc\u016bzijos televizijoje skleidusi Kremliaus propagand\u0105.<\/p>\n<p>    <img decoding=\"async\" src=\"https:\/\/www.europesays.com\/lt\/wp-content\/uploads\/2026\/07\/b9f61eaa-eda5-40a6-abf7-c040010e5687.jpg\" loading=\"lazy\" alt=\"Ksenija Fiodorova\"\/>    <\/p>\n<p>Pranc\u016bzijos dezinformacijos ekspertai i\u0161rei\u0161k\u0117 susir\u016bpinim\u0105 d\u0117l buvusios Rusijos valstybinio kanalo RT \u017eurnalist\u0117s \u012ftakos Pranc\u016bzijai ruo\u0161iantis kitais metais vyksiantiems prezidento rinkimams.<\/p>\n<p>Nurod\u0117 i\u0161vykti i\u0161 \u0161alies<\/p>\n<p>Pranc\u016bzijos laikra\u0161tis \u201eLiberation\u201c citavo nurodym\u0105 K. Fiodorovai i\u0161vykti i\u0161 \u0161alies, kuriame ji kaltinama veikusi \u201ekaip Rusijos vald\u017eios organizuojam\u0173 dezinformacijos kampanij\u0173 tarpinink\u0117\u201c, siekiant \u201edestabilizuoti vie\u0161\u0105j\u0105 tvark\u0105\u201c Pranc\u016bzijoje.<\/p>\n<p>Kanalas \u201eRT France\u201c buvo u\u017edarytas 2023 m., pra\u0117jus metams po Rusijos prezidento Vladimiro Putino \u012fsakymo prad\u0117ti plataus masto invazij\u0105 \u012f Ukrain\u0105.<\/p>\n<p>K. Fiodorova reguliariai pasirodo televizijos kanale \u201eCNews\u201c, radijo stotyje \u201eEurope 1\u201c ir ra\u0161o skilt\u012f laikra\u0161tyje \u201eLe Journal du Dimanche\u201c, skleisdama Kremliaus naratyvus apie Ukrain\u0105 ir Vakarus.\u00a0<\/p>\n","protected":false},"excerpt":{"rendered":"Penktadien\u012f paskelbtu dekretu jos turtas \u012f\u0161aldomas nedelsiant. Kaip nurod\u0117 Pranc\u016bzijos finans\u0173 ministerija, taikomas teisinis mechanizmas, \u201eskirtas u\u017ekirsti keli\u0105&hellip;\n","protected":false},"author":2,"featured_media":242280,"comment_status":"","ping_status":"","sticky":false,"template":"","format":"standard","meta":{"footnotes":"","_share_on_mastodon":"0"},"categories":[15],"tags":[25,30,31,3346,34,35,24,1211,32,33,37,39,36,38,40,23,22,44,28,29,651,26,27,74,75,76],"class_list":["post-242279","post","type-post","status-publish","format-standard","has-post-thumbnail","category-pasaulis","tag-antrastes","tag-breaking-news","tag-breakingnews","tag-elta-uzsienio-naujiena","tag-featured-news","tag-featurednews","tag-headlines","tag-kremlius","tag-latest-news","tag-latestnews","tag-lietuva","tag-lietuviu","tag-lithuania","tag-lithuanian","tag-lt","tag-naujienos","tag-news","tag-pasaulis","tag-populiariausios-naujienos","tag-populiariausiosnaujienos","tag-prancuzija","tag-top-stories","tag-topstories","tag-world","tag-world-news","tag-worldnews"],"share_on_mastodon":{"url":"https:\/\/pubeurope.com\/@lt\/117013548385236662","error":""},"_links":{"self":[{"href":"https:\/\/www.europesays.com\/lt\/wp-json\/wp\/v2\/posts\/242279","targetHints":{"allow":["GET"]}}],"collection":[{"href":"https:\/\/www.europesays.com\/lt\/wp-json\/wp\/v2\/posts"}],"about":[{"href":"https:\/\/www.europesays.com\/lt\/wp-json\/wp\/v2\/types\/post"}],"author":[{"embeddable":true,"href":"https:\/\/www.europesays.com\/lt\/wp-json\/wp\/v2\/users\/2"}],"replies":[{"embeddable":true,"href":"https:\/\/www.europesays.com\/lt\/wp-json\/wp\/v2\/comments?post=242279"}],"version-history":[{"count":0,"href":"https:\/\/www.europesays.com\/lt\/wp-json\/wp\/v2\/posts\/242279\/revisions"}],"wp:featuredmedia":[{"embeddable":true,"href":"https:\/\/www.europesays.com\/lt\/wp-json\/wp\/v2\/media\/242280"}],"wp:attachment":[{"href":"https:\/\/www.europesays.com\/lt\/wp-json\/wp\/v2\/media?parent=242279"}],"wp:term":[{"taxonomy":"category","embeddable":true,"href":"https:\/\/www.europesays.com\/lt\/wp-json\/wp\/v2\/categories?post=242279"},{"taxonomy":"post_tag","embeddable":true,"href":"https:\/\/www.europesays.com\/lt\/wp-json\/wp\/v2\/tags?post=242279"}],"curies":[{"name":"wp","href":"https:\/\/api.w.org\/{rel}","templated":true}]}}