{"id":242329,"date":"2026-07-31T09:03:12","date_gmt":"2026-07-31T09:03:12","guid":{"rendered":"https:\/\/www.europesays.com\/lt\/242329\/"},"modified":"2026-07-31T09:03:12","modified_gmt":"2026-07-31T09:03:12","slug":"vilniaus-ryto-akiratyje-nba-dejimu-konkurso-legenda","status":"publish","type":"post","link":"https:\/\/www.europesays.com\/lt\/242329\/","title":{"rendered":"Vilniaus \u201eRyto\u201c akiratyje \u2013 NBA d\u0117jim\u0173 konkurso legenda"},"content":{"rendered":"<p>Penktadienio popiet\u0119 tinklalapio \u201eBasketNews\u201c \u017eurnalistas Lukas Katilius prane\u0161\u0117, jog \u201eRytas\u201c aktyviai domisi M. McClungu ir laukia, kaip vyks jo derybos rinkoje. Priduriama, kad 27-eri\u0173 amerikiet\u012f savo gretose nor\u0117t\u0173 matyti ir keletas Eurolygos klub\u0173.<\/p>\n<p>    <img decoding=\"async\" src=\"https:\/\/www.europesays.com\/lt\/wp-content\/uploads\/2026\/07\/4f2db893-5c03-4a64-b4a7-9745e48661b9.jpg\" loading=\"lazy\" alt=\"Macas McClungas\"\/>    <\/p>\n<p>Vis d\u0117lto Vilniaus ekipa laukia savojo \u0161anso ir tinkamo momento \u012fsiterpti \u012f lenktynes d\u0117l 188 cm \u016bgio atleti\u0161ko gyn\u0117jo para\u0161o. Pastaraisiais metais atkakliai savo vieta NBA tik\u0117j\u0119s krep\u0161ininkas \u0161i\u0105 vasar\u0105 pakeit\u0117 savo pozicij\u0105 ir tur\u0117t\u0173 persikelti \u012f Europ\u0105.<\/p>\n<p>Pra\u0117jus\u012f sezon\u0105 M. McClungas rungtyniavo G lygoje, kurioje dukterin\u0117s \u010cikagos \u201eBulls\u201c komandos \u201eWindy City Bulls\u201c gretose fiksavo ne\u012ftik\u0117tinus rodiklius \u2013 vidutini\u0161kai rinko 29,5 ta\u0161ko, 5,4 atkovoto kamuolio bei 7,6 rezultatyvaus perdavimo statistik\u0105.<\/p>\n<p>       <img decoding=\"async\" src=\"https:\/\/www.europesays.com\/lt\/wp-content\/uploads\/2026\/07\/d9b98f3a-179d-46e1-a6c5-8b6071351e9a.jpg\" loading=\"lazy\" alt=\"Macas McClungas\"\/>    <\/p>\n<p>Pastarojo sezono metu jis sukrat\u0117 net 59 ta\u0161kus akistatoje su Birmingamo \u201eSquadron\u201c ir tapo rezultatyviausiu vis\u0173 laik\u0173 NBA dukterin\u0117s lygos \u017eaid\u0117ju. Ma\u017ea to, M. McClungas yra pirmasis krep\u0161ininkas G lygos istorijoje, du kartus laim\u0117j\u0119s MVP priz\u0105.<\/p>\n<p>Pra\u0117jus\u012f sezon\u0105 FIBA \u010cempion\u0173 lygoje triumfavus\u012f \u201eRyt\u0105\u201c dominantis \u012f\u017eaid\u0117jas per savo karjer\u0105 paj\u0117giausioje planetos lygoje yra su\u017eaid\u0119s tik 17 susitikim\u0173, ta\u010diau net tris kartus i\u0161 eil\u0117s i\u0161kovojo NBA d\u0117jim\u0173 konkurso nugal\u0117tojo vard\u0105 (2023-2025 m.).<\/p>\n<p>Maco McClungo 59 ta\u0161k\u0173 pasirodymas<\/p>\n<p>Maco McClungo pergal\u0117s NBA d\u0117jim\u0173 konkursuose<\/p>\n","protected":false},"excerpt":{"rendered":"Penktadienio popiet\u0119 tinklalapio \u201eBasketNews\u201c \u017eurnalistas Lukas Katilius prane\u0161\u0117, jog \u201eRytas\u201c aktyviai domisi M. McClungu ir laukia, kaip vyks&hellip;\n","protected":false},"author":2,"featured_media":242330,"comment_status":"","ping_status":"","sticky":false,"template":"","format":"standard","meta":{"footnotes":"","_share_on_mastodon":"0"},"categories":[19],"tags":[309,152,37,39,36,38,40,310,47,104,851],"class_list":["post-242329","post","type-post","status-publish","format-standard","has-post-thumbnail","category-sportas","tag-eurolyga","tag-fiba-cempionu-lyga","tag-lietuva","tag-lietuviu","tag-lithuania","tag-lithuanian","tag-lt","tag-nba","tag-sportas","tag-sports","tag-vilniaus-rytas"],"share_on_mastodon":{"url":"https:\/\/pubeurope.com\/@lt\/117013788088234126","error":""},"_links":{"self":[{"href":"https:\/\/www.europesays.com\/lt\/wp-json\/wp\/v2\/posts\/242329","targetHints":{"allow":["GET"]}}],"collection":[{"href":"https:\/\/www.europesays.com\/lt\/wp-json\/wp\/v2\/posts"}],"about":[{"href":"https:\/\/www.europesays.com\/lt\/wp-json\/wp\/v2\/types\/post"}],"author":[{"embeddable":true,"href":"https:\/\/www.europesays.com\/lt\/wp-json\/wp\/v2\/users\/2"}],"replies":[{"embeddable":true,"href":"https:\/\/www.europesays.com\/lt\/wp-json\/wp\/v2\/comments?post=242329"}],"version-history":[{"count":0,"href":"https:\/\/www.europesays.com\/lt\/wp-json\/wp\/v2\/posts\/242329\/revisions"}],"wp:featuredmedia":[{"embeddable":true,"href":"https:\/\/www.europesays.com\/lt\/wp-json\/wp\/v2\/media\/242330"}],"wp:attachment":[{"href":"https:\/\/www.europesays.com\/lt\/wp-json\/wp\/v2\/media?parent=242329"}],"wp:term":[{"taxonomy":"category","embeddable":true,"href":"https:\/\/www.europesays.com\/lt\/wp-json\/wp\/v2\/categories?post=242329"},{"taxonomy":"post_tag","embeddable":true,"href":"https:\/\/www.europesays.com\/lt\/wp-json\/wp\/v2\/tags?post=242329"}],"curies":[{"name":"wp","href":"https:\/\/api.w.org\/{rel}","templated":true}]}}