{"id":242473,"date":"2026-07-31T11:49:09","date_gmt":"2026-07-31T11:49:09","guid":{"rendered":"https:\/\/www.europesays.com\/lt\/242473\/"},"modified":"2026-07-31T11:49:09","modified_gmt":"2026-07-31T11:49:09","slug":"jav-senatoriai-spaudzia-apple-del-kinisku-lustu-rizikos","status":"publish","type":"post","link":"https:\/\/www.europesays.com\/lt\/242473\/","title":{"rendered":"JAV senatoriai spaud\u017eia \u201eApple\u201c d\u0117l kini\u0161k\u0173 lust\u0173 rizikos"},"content":{"rendered":"<p>Va\u0161ingtonas k\u0105 tik pad\u0117jo ant \u201eApple\u201c stalo klausim\u0105, kurio sunku nepasteb\u0117ti. Be u\u017euolank\u0173. Be mandagybi\u0173. Dvi de\u0161imtys abiej\u0173 partij\u0173 senatori\u0173 nori tiesaus atsakymo.<\/p>\n<p>Lai\u0161ke, kur\u012f per\u017ei\u016br\u0117jo \u201eBloomberg\u201c, dvipartin\u0117 grup\u0117, vadovaujama Jimo Bankso ir Chucko Schumerio, pareikalavo, kad generalinis direktorius Timas Cookas iki rugpj\u016b\u010dio 21 d. oficialiai \u012fsipareigot\u0173, jog \u201eApple\u201c nenaudos Kinijos gamintoj\u0173 CXMT ir YMTC pagamint\u0173 atminties lust\u0173. Tarp kit\u0173 pasira\u0161iusi\u0173j\u0173 yra Andy Kim, Jeanne Shaheen, Mike\u2019as Crapo ir Pete\u2019as Rickettsas. I\u0161 pirmo \u017evilgsnio pra\u0161ymas paprastas: sustabdyti plan\u0105 pirkti atmint\u012f i\u0161 \u0161i\u0173 tiek\u0117j\u0173. Ta\u010diau pasekm\u0117s tikrai n\u0117ra paprastos.<\/p>\n<p>Kod\u0117l kilo toks nerimas? JAV gynybos institucijos \u0161ias dvi Kinijos bendroves siejo su subjektais, esan\u010diais \u012fmoni\u0173, susijusi\u0173 su Kinijos kariuomene, s\u0105ra\u0161e. Senatoriai \u012fsp\u0117ja, kad patvirtinus \u0161iuos lustus \u201eApple\u201c produktams, vertingiausia pasaulyje vartotoj\u0173 elektronikos bendrov\u0117 tapt\u0173 priklausoma nuo tiek\u0117j\u0173, kuriuos daugelis Va\u0161ingtone laiko rizikingais.<\/p>\n<p>\u201eApple\u201c susidom\u0117jim\u0105 CXMT ir YMTC lemia atminties lust\u0173 tr\u016bkumas. Paklausa smarkiai i\u0161augo kartu su dirbtinio intelekto darbo kr\u016bviais. Pasi\u016bla ribota. Kainos kyla. Bir\u017eel\u012f Kupertino bendrov\u0117 padidino \u201eMac\u201c, \u201eiPad\u201c, i\u0161mani\u0173j\u0173 nam\u0173 \u012frengini\u0173 ir net \u201eVision Pro\u201c akini\u0173 kainas, tai \u017eenklas, kad atminties tr\u016bkumas jau skaud\u017eiai juntamas. Susid\u016brusi su \u0161iuo spaudimu, \u201eApple\u201c prad\u0117jo ie\u0161koti alternatyvi\u0173 \u0161altini\u0173, \u012fskaitant \u0161iuos du Kinijos gamintojus.<\/p>\n<p><img loading=\"lazy\" decoding=\"async\" style=\"aspect-ratio:1632\/1188;\" src=\"https:\/\/cdn.digin.lt\/files\/post\/content\/2026\/07\/tim-cook-wwdc-2023-logo-4jpg.avif\" width=\"1632\" height=\"1188\"\/><\/p>\n<p>Ne visi i\u0161lieka neutral\u016bs. Viena i\u0161 dabartini\u0173 \u201eApple\u201c tiek\u0117j\u0173 \u201eMicron\u201c lobizavo Baltuosius r\u016bmus, ragindama pasiprie\u0161inti bet kokiam sandoriui. Bendrov\u0117 teig\u0117, kad pirkimo sutartis pakenkt\u0173 vietos atminties gamintojams ir i\u0161kreipt\u0173 rinkas. Senatoriai pakartojo \u0161\u012f susir\u016bpinim\u0105, sakydami, kad \u201eApple\u201c patvirtinimas gal\u0117t\u0173 normalizuoti toki\u0173 lust\u0173 naudojim\u0105 visoje pramon\u0117je, nes kai komponentas patvirtinamas \u201eApple\u201c, pasauliniai gamybos sprendimai da\u017enai seka paskui.<\/p>\n<p>Senatoriai taip pat atmet\u0117 \u201eApple\u201c si\u016blom\u0105 rizikos ma\u017einimo priemon\u0119: Kinijos atmint\u012f naudoti tik \u012frenginiuose, parduodamuose Kinijoje. J\u0173 argumentas toks: gamybos komponent\u0173 patvirtinimai retai lieka apriboti viena rinka. Tiekimo grandin\u0117s yra lanks\u010dios. Gamybos sprendimai sukelia platesnes pasekmes. Tai, kas prasideda kaip vietinis laikinas sprendimas, gali virsti pasauline priklausomybe.<\/p>\n<p>Be nacionalinio saugumo, \u010dia yra ir ekonominis aspektas. \u012estatym\u0173 leid\u0117jai \u012fsp\u0117jo, kad CXMT ir YMTC patvirtinimas gal\u0117t\u0173 susilpninti milijardines planuojamas vietos ir u\u017esienio bendrovi\u0173 investicijas \u012f atminties lust\u0173 gamyklas tokiose valstijose kaip Indiana, Aidahas, Niujorkas ir Vird\u017einija. Ant kortos pastatytos darbo vietos ir kapitalo investicijos.<\/p>\n<p>Lai\u0161ke reikalaujama skaidrumo. Senatoriai papra\u0161\u0117 \u201eApple\u201c atskleisti, kaip buvo vertinami lustai, kokiais techniniais duomenimis, jei tokie buvo, pasidalyta su CXMT ir YMTC, taip pat ar tokie perdavimai gal\u0117t\u0173 patekti \u012f eksporto kontrol\u0117s taisykli\u0173 taikymo srit\u012f ir pareikalauti Prekybos departamento leidimo. Jie taip pat spaud\u0117 \u201eApple\u201c paai\u0161kinti, ar bendrov\u0117 m\u0117gino u\u017esitikrinti prioritetinius kiekius i\u0161 JAV arba Piet\u0173 Kor\u0117jos tiek\u0117j\u0173.<\/p>\n<p>\u201eApple\u201c vie\u0161ai dar neatsak\u0117; kol kas bendrov\u0117 atsisak\u0117 komentuoti \u017einiasklaidai. \u0160is pra\u0161ymas didina politin\u012f spaudim\u0105 \u012fmonei, kuri jau skuba ie\u0161koti patikimo atminties lust\u0173 tiekimo. Laiko nedaug. Statymai dideli. Tai, kaip atsakys \u201eApple\u201c, vienu metu gali pakeisti tiek tiekimo grandines, tiek technologij\u0173 rinkos kra\u0161tovaizd\u012f.<\/p>\n","protected":false},"excerpt":{"rendered":"Va\u0161ingtonas k\u0105 tik pad\u0117jo ant \u201eApple\u201c stalo klausim\u0105, kurio sunku nepasteb\u0117ti. Be u\u017euolank\u0173. Be mandagybi\u0173. Dvi de\u0161imtys abiej\u0173&hellip;\n","protected":false},"author":2,"featured_media":242474,"comment_status":"","ping_status":"","sticky":false,"template":"","format":"standard","meta":{"footnotes":"","_share_on_mastodon":"0"},"categories":[17],"tags":[1857,29925,81,35642,295,35850,35849,37,39,36,38,40,3571,22755,46,35848],"class_list":["post-242473","post","type-post","status-publish","format-standard","has-post-thumbnail","category-verslas","tag-apple","tag-atminties-lustai","tag-business","tag-cxmt","tag-dirbtinis-intelektas","tag-jav-senatoriai","tag-kinijos-gamintojai","tag-lietuva","tag-lietuviu","tag-lithuania","tag-lithuanian","tag-lt","tag-nacionalinis-saugumas","tag-tiekimo-grandines","tag-verslas","tag-ymtc"],"share_on_mastodon":{"url":"https:\/\/pubeurope.com\/@lt\/117014440718475779","error":""},"_links":{"self":[{"href":"https:\/\/www.europesays.com\/lt\/wp-json\/wp\/v2\/posts\/242473","targetHints":{"allow":["GET"]}}],"collection":[{"href":"https:\/\/www.europesays.com\/lt\/wp-json\/wp\/v2\/posts"}],"about":[{"href":"https:\/\/www.europesays.com\/lt\/wp-json\/wp\/v2\/types\/post"}],"author":[{"embeddable":true,"href":"https:\/\/www.europesays.com\/lt\/wp-json\/wp\/v2\/users\/2"}],"replies":[{"embeddable":true,"href":"https:\/\/www.europesays.com\/lt\/wp-json\/wp\/v2\/comments?post=242473"}],"version-history":[{"count":0,"href":"https:\/\/www.europesays.com\/lt\/wp-json\/wp\/v2\/posts\/242473\/revisions"}],"wp:featuredmedia":[{"embeddable":true,"href":"https:\/\/www.europesays.com\/lt\/wp-json\/wp\/v2\/media\/242474"}],"wp:attachment":[{"href":"https:\/\/www.europesays.com\/lt\/wp-json\/wp\/v2\/media?parent=242473"}],"wp:term":[{"taxonomy":"category","embeddable":true,"href":"https:\/\/www.europesays.com\/lt\/wp-json\/wp\/v2\/categories?post=242473"},{"taxonomy":"post_tag","embeddable":true,"href":"https:\/\/www.europesays.com\/lt\/wp-json\/wp\/v2\/tags?post=242473"}],"curies":[{"name":"wp","href":"https:\/\/api.w.org\/{rel}","templated":true}]}}