{"id":242501,"date":"2026-07-31T12:15:33","date_gmt":"2026-07-31T12:15:33","guid":{"rendered":"https:\/\/www.europesays.com\/lt\/242501\/"},"modified":"2026-07-31T12:15:33","modified_gmt":"2026-07-31T12:15:33","slug":"saulius-baradinskas-isgyvena-sirdi-veriancia-netekti","status":"publish","type":"post","link":"https:\/\/www.europesays.com\/lt\/242501\/","title":{"rendered":"Saulius Baradinskas i\u0161gyvena \u0161ird\u012f verian\u010di\u0105 netekt\u012f"},"content":{"rendered":"<p>Apie tai Saulius paskelb\u0117 savo Facebook profilyje. Jo \u012fra\u0161e ra\u0161oma: <\/p>\n<p>\u201eVakar po ilgamet\u0117s kovos su liga i\u0161\u0117jo mano nuostabi ir mylima mama lituanist\u0117, poet\u0117, legendin\u0117 lietuvi\u0173 kalbos mokytoja, trij\u0173 vaik\u0173 mama, sesuo \u2013 Irena Aldona Vy\u0161niauskait\u0117 Baradinskien\u0117. <\/p>\n<p>Ji buvo talentinga eili\u0173 k\u016br\u0117ja, jau jaunyst\u0117je pasi\u017eym\u0117jus laureta\u0117, kuri baig\u0117 studijas auk\u0161\u010diausiais pa\u017eymiais. Baigus lituanistik\u0105, tapo mokytoja, kuri mok\u0117 daugyb\u0119 vilnie\u010di\u0173 ir \u012fkal\u0117, kad \u201eS\u0105la, B\u0105la, \u0160\u0105la\u201c ra\u0161oma su nosine ir s\u0117kmingai per savo gyvenim\u0105 paruo\u0161\u0117 ne vien\u0105 abiturient\u0173 kart\u0105 egzaminams. Poet\u0117, i\u0161leidusi knyg\u0105 bei savo eiles spausdinusi \u201e\u0160iaur\u0117s At\u0117nuose\u201c. Ji taip pat buvo vert\u0117ja ir poliglot\u0117, kuri kalb\u0117jo de\u0161imt kalb\u0173 (netgi japoni\u0161kai) ir tur\u0117jo draug\u0173 i\u0161 viso pasaulio. Bet svarbiausia, kad ji buvo man geriausia mama, kuri mane i\u0161mok\u0117, kad gyvenime reikia dr\u0105siai eiti savo keliu ir pa\u017einti pasaul\u012f, niekada nepasiduoti ir dirbti, bet neu\u017emir\u0161ti gyventi piln\u0105 gyvenim\u0105. Ir ai\u0161ku, b\u016bti d\u0117kingam u\u017e laik\u0105 ir visk\u0105, k\u0105 turiu, nes viskas praeis.<\/p>\n<p>Mama jau keturiolika met\u0173 kovojo su v\u0117\u017eiu. Paskutin\u0117mis dienomis ji neprarado humoro jausmo ir i\u0161\u0117jo su meile artimos \u0161eimos rate. A\u010di\u016b, mama, u\u017e \u0161\u012f gyvenim\u0105 ir a\u010di\u016b, kad padovanojai man gyvenim\u0105. Myliu tave.  <\/p>\n<p>\u0160eimos vardu labai noriu pad\u0117koti visiems artimiesiems, draugams, gydytojams, paramedikams, sesel\u0117ms, slaug\u0117ms, \u017emon\u0117ms ir pa\u017e\u012fstamiems, kurie pad\u0117jo mano motinai per vis\u0105 jos sunki\u0105 lig\u0105.<\/p>\n<p>Labai nor\u0117\u010diau, kad \u0161ia \u017einia pasidalintum\u0117te su \u017emon\u0117mis, kurie j\u0105 pa\u017einojo, o komentaruose kvie\u010diu pasidalinti prisiminimais, kuriems teko j\u0105 pa\u017einti ir kartu prisiminti m\u016bs\u0173 nuostabi\u0105 motin\u0105\u201c. <\/p>\n<p>S. Baradinskas pasidalijo ir atsisveikinimo detal\u0117mis. <\/p>\n<p>\u201eAtsisveikinimas vyks Laidojimo Paslaugo Centre J. Matulai\u010dio a. 3, Vilnius, <\/p>\n<p>* \u0160e\u0161tadien\u012f nuo 16:00 iki 19:00 <\/p>\n<p>* Sekmadien\u012f nuo 10:00 iki 13:00. <\/p>\n<p>* Sekmadien\u012f nuo 11:00 skaitysime mamos eiles. <\/p>\n<p>Laidotuv\u0117s vyks Sekmadien\u012f 14:00 Liepyn\u0117s kapin\u0117se. Labai pra\u0161ome atne\u0161ti tik po vien\u0105 baltos g\u0117l\u0117s \u017eied\u0105\u201c.<\/p>\n","protected":false},"excerpt":{"rendered":"Apie tai Saulius paskelb\u0117 savo Facebook profilyje. Jo \u012fra\u0161e ra\u0161oma: \u201eVakar po ilgamet\u0117s kovos su liga i\u0161\u0117jo mano&hellip;\n","protected":false},"author":2,"featured_media":242502,"comment_status":"","ping_status":"","sticky":false,"template":"","format":"standard","meta":{"footnotes":"","_share_on_mastodon":"0"},"categories":[13],"tags":[25,30,31,34,35,24,32,33,37,39,36,38,40,23,621,22,28,29,18628,26,27],"class_list":["post-242501","post","type-post","status-publish","format-standard","has-post-thumbnail","category-lietuva","tag-antrastes","tag-breaking-news","tag-breakingnews","tag-featured-news","tag-featurednews","tag-headlines","tag-latest-news","tag-latestnews","tag-lietuva","tag-lietuviu","tag-lithuania","tag-lithuanian","tag-lt","tag-naujienos","tag-netektis","tag-news","tag-populiariausios-naujienos","tag-populiariausiosnaujienos","tag-saulius-baradinskas","tag-top-stories","tag-topstories"],"share_on_mastodon":{"url":"https:\/\/pubeurope.com\/@lt\/117014542581020109","error":""},"_links":{"self":[{"href":"https:\/\/www.europesays.com\/lt\/wp-json\/wp\/v2\/posts\/242501","targetHints":{"allow":["GET"]}}],"collection":[{"href":"https:\/\/www.europesays.com\/lt\/wp-json\/wp\/v2\/posts"}],"about":[{"href":"https:\/\/www.europesays.com\/lt\/wp-json\/wp\/v2\/types\/post"}],"author":[{"embeddable":true,"href":"https:\/\/www.europesays.com\/lt\/wp-json\/wp\/v2\/users\/2"}],"replies":[{"embeddable":true,"href":"https:\/\/www.europesays.com\/lt\/wp-json\/wp\/v2\/comments?post=242501"}],"version-history":[{"count":0,"href":"https:\/\/www.europesays.com\/lt\/wp-json\/wp\/v2\/posts\/242501\/revisions"}],"wp:featuredmedia":[{"embeddable":true,"href":"https:\/\/www.europesays.com\/lt\/wp-json\/wp\/v2\/media\/242502"}],"wp:attachment":[{"href":"https:\/\/www.europesays.com\/lt\/wp-json\/wp\/v2\/media?parent=242501"}],"wp:term":[{"taxonomy":"category","embeddable":true,"href":"https:\/\/www.europesays.com\/lt\/wp-json\/wp\/v2\/categories?post=242501"},{"taxonomy":"post_tag","embeddable":true,"href":"https:\/\/www.europesays.com\/lt\/wp-json\/wp\/v2\/tags?post=242501"}],"curies":[{"name":"wp","href":"https:\/\/api.w.org\/{rel}","templated":true}]}}