{"id":242531,"date":"2026-07-31T12:55:18","date_gmt":"2026-07-31T12:55:18","guid":{"rendered":"https:\/\/www.europesays.com\/lt\/242531\/"},"modified":"2026-07-31T12:55:18","modified_gmt":"2026-07-31T12:55:18","slug":"vilniuje-ieskomas-specialistas-terminas-rugpjucio","status":"publish","type":"post","link":"https:\/\/www.europesays.com\/lt\/242531\/","title":{"rendered":"Vilniuje ie\u0161komas specialistas: terminas \u2013 rugpj\u016b\u010dio"},"content":{"rendered":"<p>Reklama<\/p>\n<p><a href=\"https:\/\/upesezerai.lt\/\" target=\"_blank\" rel=\"noopener sponsored nofollow\" class=\"block w-full text-center hover:opacity-90 transition-opacity\"><img src=\"https:\/\/www.europesays.com\/lt\/wp-content\/uploads\/2026\/07\/1785502518_273_riverways-lt.webp\" class=\"mx-auto rounded-lg shadow-sm\" alt=\"Banner\" loading=\"lazy\" decoding=\"async\" fetchpriority=\"low\" width=\"300\" height=\"250\"\/><\/a><\/p>\n<p>Kult\u016bros paveldo departamento Vilniaus teritorinis skyrius ie\u0161ko specialisto. Pretendent\u0173 pra\u0161ymai priimami iki 2026 m. rugpj\u016b\u010dio 14 d., tod\u0117l norintiems dalyvauti konkurse liko ribotas laikas pateikti dokumentus.<\/p>\n<p>I\u0161sam\u016bs kvalifikaciniai reikalavimai, pareigyb\u0117s funkcijos ir konkurso s\u0105lygos pateikti Valstyb\u0117s tarnybos portale. Oficialaus skelbimo numeris \u2013 67102.<\/p>\n<p>KPD prane\u0161im\u0105 apie laisv\u0105 viet\u0105 paskelb\u0117 liepos 31 d. Jame nurodytas konkretus pretendent\u0173 pra\u0161ym\u0173 pateikimo terminas \u2013 rugpj\u016b\u010dio 14 d.<\/p>\n<p><img data-synergy-lazy- data-synergy-lazy-src=\"https:\/\/infoerdve.lt\/wp-content\/uploads\/2026\/07\/vilniuje-ieskomas-specialistas-terminas-rugpjucio-14-oji-inline-1.webp\" data-synergy-lazy-  alt=\"Vilniuje ie\u0161komas specialistas: terminas \u2013 rugpj\u016b\u010dio 14-oji\" decoding=\"async\" fetchpriority=\"low\" height=\"512\" loading=\"lazy\" src=\"data:image\/gif;base64,R0lGODlhAQABAAAAACw=\" style=\"max-width: 100%; height: auto;\" width=\"768\"\/><\/p>\n<p>Trumpame departamento prane\u0161ime ne\u012fvardyti kandidatams taikomi i\u0161silavinimo, darbo patirties ar kiti specialieji reikalavimai. Prie\u0161 teikiant pra\u0161ym\u0105 juos reikia patikrinti i\u0161samiame konkurso apra\u0161e.<\/p>\n<p>Vis\u0105 informacij\u0105 apie konkurs\u0105 Kult\u016bros paveldo departamentas nukreipia tikrinti Valstyb\u0117s tarnybos portale. Skelbim\u0105 galima rasti pagal numer\u012f 67102 \u2013 jame pateikiami reikalavimai pretendentams, pareigyb\u0117s apra\u0161ymas ir dokument\u0173 teikimo tvarka.<\/p>\n<p><img data-synergy-lazy- data-synergy-lazy-src=\"https:\/\/infoerdve.lt\/wp-content\/uploads\/2026\/07\/vilniuje-ieskomas-specialistas-terminas-rugpjucio-14-oji-inline-2.webp\" data-synergy-lazy-  alt=\"Vilniuje ie\u0161komas specialistas: terminas \u2013 rugpj\u016b\u010dio 14-oji\" decoding=\"async\" fetchpriority=\"low\" height=\"512\" loading=\"lazy\" src=\"data:image\/gif;base64,R0lGODlhAQABAAAAACw=\" style=\"max-width: 100%; height: auto;\" width=\"768\"\/><\/p>\n<p>Kandidatams aktualu remtis b\u016btent \u0161iuo oficialiu \u012fra\u0161u, nes pirminiame KPD prane\u0161ime pateikta tik glausta informacija apie paie\u0161k\u0105 ir galutin\u0119 pra\u0161ym\u0173 pri\u0117mimo dat\u0105.<\/p>\n<p>Informacij\u0105 apie atrank\u0105 pateik\u0117 Kult\u016bros paveldo departamentas, o prane\u0161imo atnaujinimo data nurodyta 2026 m. liepos 31 d. Pareng\u0117 infoerdve.lt redakcija pagal oficial\u0173 KPD Vilniaus teritorinio skyriaus prane\u0161im\u0105.<\/p>\n<p style=\"text-align: right; font-style: italic; font-size: 0.9em;\">\u0160altinis: <a href=\"https:\/\/kpd.lrv.lt\/lt\/naujienos\/kpd-vilniaus-teritorinis-skyrius-iesko-specialisto-Lmz\" target=\"_blank\" rel=\"noopener noreferrer nofollow\">Lithuanian Cultural Heritage Department News<\/a><\/p>\n<p>                                Kontekstas ir veiksmai<br \/>\n                                Apie straipsn\u012f<\/p>\n<p>                                Prane\u0161ti<br \/>\n                                Dalintis<\/p>\n<p>                    \u0160altinis ir patikra<br \/>\n                    \u0160altinio informacija<\/p>\n<p>Skelbimo data, pra\u0161ym\u0173 pateikimo terminas ir oficialaus konkurso numeris sutikrinti su KPD prane\u0161imu.<\/p>\n<p>Patikros<\/p>\n<ul class=\"mt-1 grid gap-1 text-xs font-bold text-gray-700\">\n<li>Patikrinta, kad pretendent\u0173 pra\u0161ymai priimami iki 2026 m. rugpj\u016b\u010dio 14 d.<\/li>\n<li>Patikrinta, kad konkursas paskelbtas KPD Vilniaus teritorinio skyriaus vardu.<\/li>\n<li>U\u017efiksuotas Valstyb\u0117s tarnybos portalo skelbimo numeris 67102.<\/li>\n<\/ul>\n<dl class=\"grid shrink-0 gap-1 text-xs font-black uppercase tracking-wider text-gray-500\">\n<p><dt>\u0160altinis<\/dt>\n<dd class=\"text-gray-900\">Kult\u016bros paveldo departamentas<\/dd>\n<\/p>\n<p><dt>Apr\u0117ptis<\/dt>\n<dd class=\"text-gray-900\">Vilnius<\/dd>\n<\/p>\n<p><dt>Atnaujinta<\/dt>\n<dd class=\"text-gray-900\">2026-07-31 15:32<\/dd>\n<\/p>\n<\/dl>\n<p>        Prane\u0161ti<\/p>\n<p>                        Straipsnio kontekstasAsmenys ir temos#4<\/p>\n","protected":false},"excerpt":{"rendered":"Reklama Kult\u016bros paveldo departamento Vilniaus teritorinis skyrius ie\u0161ko specialisto. Pretendent\u0173 pra\u0161ymai priimami iki 2026 m. rugpj\u016b\u010dio 14 d.,&hellip;\n","protected":false},"author":2,"featured_media":242532,"comment_status":"","ping_status":"","sticky":false,"template":"","format":"standard","meta":{"footnotes":"","_share_on_mastodon":"0"},"categories":[17],"tags":[81,11718,26196,8039,37,39,36,38,40,7389,46],"class_list":["post-242531","post","type-post","status-publish","format-standard","has-post-thumbnail","category-verslas","tag-business","tag-darbas-vilniuje","tag-darbo-skelbimai","tag-kulturos-paveldo-departamentas","tag-lietuva","tag-lietuviu","tag-lithuania","tag-lithuanian","tag-lt","tag-valstybes-tarnyba","tag-verslas"],"share_on_mastodon":{"url":"https:\/\/pubeurope.com\/@lt\/117014700496979018","error":""},"_links":{"self":[{"href":"https:\/\/www.europesays.com\/lt\/wp-json\/wp\/v2\/posts\/242531","targetHints":{"allow":["GET"]}}],"collection":[{"href":"https:\/\/www.europesays.com\/lt\/wp-json\/wp\/v2\/posts"}],"about":[{"href":"https:\/\/www.europesays.com\/lt\/wp-json\/wp\/v2\/types\/post"}],"author":[{"embeddable":true,"href":"https:\/\/www.europesays.com\/lt\/wp-json\/wp\/v2\/users\/2"}],"replies":[{"embeddable":true,"href":"https:\/\/www.europesays.com\/lt\/wp-json\/wp\/v2\/comments?post=242531"}],"version-history":[{"count":0,"href":"https:\/\/www.europesays.com\/lt\/wp-json\/wp\/v2\/posts\/242531\/revisions"}],"wp:featuredmedia":[{"embeddable":true,"href":"https:\/\/www.europesays.com\/lt\/wp-json\/wp\/v2\/media\/242532"}],"wp:attachment":[{"href":"https:\/\/www.europesays.com\/lt\/wp-json\/wp\/v2\/media?parent=242531"}],"wp:term":[{"taxonomy":"category","embeddable":true,"href":"https:\/\/www.europesays.com\/lt\/wp-json\/wp\/v2\/categories?post=242531"},{"taxonomy":"post_tag","embeddable":true,"href":"https:\/\/www.europesays.com\/lt\/wp-json\/wp\/v2\/tags?post=242531"}],"curies":[{"name":"wp","href":"https:\/\/api.w.org\/{rel}","templated":true}]}}