{"id":242687,"date":"2026-07-31T16:10:07","date_gmt":"2026-07-31T16:10:07","guid":{"rendered":"https:\/\/www.europesays.com\/lt\/242687\/"},"modified":"2026-07-31T16:10:07","modified_gmt":"2026-07-31T16:10:07","slug":"palangos-papludimiuose-reidas-pagauti-cebureku-prekeiviai","status":"publish","type":"post","link":"https:\/\/www.europesays.com\/lt\/242687\/","title":{"rendered":"Palangos papl\u016bdimiuose \u2013 reidas: pagauti \u010deburek\u0173 prekeiviai"},"content":{"rendered":"<p>Kaip prane\u0161ama, \u201ePalangos vie\u0161osios tvarkos ir rinkliav\u0173 tarnyba\u201c kartu su Palangos miesto policijos komisariato pareig\u016bnais sureng\u0117 i\u0161 anksto suplanuot\u0105 bendr\u0105 patikrinim\u0105, skirt\u0105 u\u017ekardyti nelegali\u0105 prekyb\u0105. <\/p>\n<p>Patikrinime dalyvavo keturi Palangos vie\u0161osios tvarkos ir rinkliav\u0173 tarnybos vie\u0161osios tvarkos specialistai-kontrolieriai bei trys policijos pareig\u016bnai.<\/p>\n<p>\u201eReido metu nustatyti a\u0161tuoni asmenys, vykd\u0119 nelegali\u0105 i\u0161ne\u0161iojam\u0105j\u0105 prekyb\u0105 \u010deburekais. \u0160e\u0161iems pa\u017eeid\u0117jams policijos pareig\u016bnai pa\u017eeidimo vietoje sura\u0161\u0117 administracinio nusi\u017eengimo protokolus ir skyr\u0117 pinigines baudas. <\/p>\n<p>Dar dviej\u0173 asmen\u0173 nelegali veikla buvo u\u017efiksuota nustatyta tvarka, o surinkta med\u017eiaga perduota Palangos miesto savivaldyb\u0117s administracijai administracinei teisenai prad\u0117ti ir sprendimui d\u0117l nuobaud\u0173 skyrimo priimti.<\/p>\n<p>Reido papl\u016bdimiuose metu n\u0117 vienas i\u0161 nustatyt\u0173 nelegali\u0173 prekeivi\u0173 neprekiavo alkoholiniais g\u0117rimais (alumi)\u201c, \u2013 informuoja savivaldyb\u0117. <\/p>\n<p>Tikinama, kad Palangos vie\u0161osios tvarkos ir rinkliav\u0173 tarnyba bei policijos pareig\u016bnai planuoja ir ateityje vykdyti analogi\u0161kus patikrinimus.<\/p>\n<p>Be to, primenama, kad i\u0161ne\u0161iojamoji prekyba \u010deburekais, r\u016bkyta \u017euvimi ar kitais maisto produktais Palangos papl\u016bdimiuose yra draud\u017eiama. <\/p>\n<p>\u201eTokia nelegali veikla pa\u017eeid\u017eia galiojan\u010dius teis\u0117s aktus, neu\u017etikrina maisto saugos reikalavim\u0173 laikymosi ir gali kelti rizik\u0105 vartotoj\u0173 sveikatai. Gyventojai ir kurorto sve\u010diai raginami maisto produktus \u012fsigyti tik i\u0161 teis\u0117tai veikian\u010di\u0173, leidimus turin\u010di\u0173 prekybinink\u0173\u201c, \u2013 nurodoma savivaldyb\u0117s \u012fra\u0161e. <\/p>\n","protected":false},"excerpt":{"rendered":"Kaip prane\u0161ama, \u201ePalangos vie\u0161osios tvarkos ir rinkliav\u0173 tarnyba\u201c kartu su Palangos miesto policijos komisariato pareig\u016bnais sureng\u0117 i\u0161 anksto&hellip;\n","protected":false},"author":2,"featured_media":242688,"comment_status":"","ping_status":"","sticky":false,"template":"","format":"standard","meta":{"footnotes":"","_share_on_mastodon":"0"},"categories":[6],"tags":[35880,25,30,31,34,35,24,32,33,37,39,36,38,40,23,15222,22,2801,11934,28,29,26,27],"class_list":["post-242687","post","type-post","status-publish","format-standard","has-post-thumbnail","category-antrastes","tag-administracines-baudos","tag-antrastes","tag-breaking-news","tag-breakingnews","tag-featured-news","tag-featurednews","tag-headlines","tag-latest-news","tag-latestnews","tag-lietuva","tag-lietuviu","tag-lithuania","tag-lithuanian","tag-lt","tag-naujienos","tag-nelegali-prekyba","tag-news","tag-palanga","tag-palangos-miesto-savivaldybe","tag-populiariausios-naujienos","tag-populiariausiosnaujienos","tag-top-stories","tag-topstories"],"share_on_mastodon":{"url":"https:\/\/pubeurope.com\/@lt\/117015466810684287","error":""},"_links":{"self":[{"href":"https:\/\/www.europesays.com\/lt\/wp-json\/wp\/v2\/posts\/242687","targetHints":{"allow":["GET"]}}],"collection":[{"href":"https:\/\/www.europesays.com\/lt\/wp-json\/wp\/v2\/posts"}],"about":[{"href":"https:\/\/www.europesays.com\/lt\/wp-json\/wp\/v2\/types\/post"}],"author":[{"embeddable":true,"href":"https:\/\/www.europesays.com\/lt\/wp-json\/wp\/v2\/users\/2"}],"replies":[{"embeddable":true,"href":"https:\/\/www.europesays.com\/lt\/wp-json\/wp\/v2\/comments?post=242687"}],"version-history":[{"count":0,"href":"https:\/\/www.europesays.com\/lt\/wp-json\/wp\/v2\/posts\/242687\/revisions"}],"wp:featuredmedia":[{"embeddable":true,"href":"https:\/\/www.europesays.com\/lt\/wp-json\/wp\/v2\/media\/242688"}],"wp:attachment":[{"href":"https:\/\/www.europesays.com\/lt\/wp-json\/wp\/v2\/media?parent=242687"}],"wp:term":[{"taxonomy":"category","embeddable":true,"href":"https:\/\/www.europesays.com\/lt\/wp-json\/wp\/v2\/categories?post=242687"},{"taxonomy":"post_tag","embeddable":true,"href":"https:\/\/www.europesays.com\/lt\/wp-json\/wp\/v2\/tags?post=242687"}],"curies":[{"name":"wp","href":"https:\/\/api.w.org\/{rel}","templated":true}]}}