{"id":242827,"date":"2026-07-31T19:53:19","date_gmt":"2026-07-31T19:53:19","guid":{"rendered":"https:\/\/www.europesays.com\/lt\/242827\/"},"modified":"2026-07-31T19:53:19","modified_gmt":"2026-07-31T19:53:19","slug":"apple-akcijos-krenta-rekordines-pajamas-ir-timo-kuko-eros-pabaiga-temde-nuviliancios-ateities-prognozes","status":"publish","type":"post","link":"https:\/\/www.europesays.com\/lt\/242827\/","title":{"rendered":"\u201eApple\u201c akcijos krenta: rekordines pajamas ir Timo Kuko eros pabaig\u0105 temd\u0117 nuvilian\u010dios ateities prognoz\u0117s"},"content":{"rendered":"<p class=\"caps\"><a href=\"https:\/\/www.europesays.com\/lt\/wp-content\/uploads\/2026\/07\/apple_obuolys.jpg\" rel=\"lightbox[142729]\" title=\"Apple\"><img loading=\"lazy\" decoding=\"async\" class=\"alignnone size-full wp-image-37376\" src=\"https:\/\/www.europesays.com\/lt\/wp-content\/uploads\/2026\/07\/apple_obuolys.jpg\" alt=\"Apple\" width=\"666\" height=\"374\"  \/><\/a><\/p>\n<p>Bendrov\u0117 \u201eApple\u201c paskelb\u0117 ketvir\u010dio rezultatus, vir\u0161ijusius rinkos l\u016bkes\u010dius, ta\u010diau jos akcij\u0173 kursas po prekybos valand\u0173 krito net iki 8 procent\u0173.<\/p>\n<p>Tai l\u0117m\u0117 investuotoj\u0173 nerimas d\u0117l silpnesn\u0117s nei tik\u0117tasi ateities prognoz\u0117s ir augan\u010di\u0173 atminties mikroshem\u0173 ka\u0161t\u0173, ra\u0161o \u201e<a href=\"https:\/\/www.euronews.com\/business\/2026\/07\/31\/apple-shares-fall-despite-record-revenue-as-outlook-disappoints\" target=\"_blank\" rel=\"noopener nofollow\">Euronews<\/a>\u201c leidinys.<\/p>\n<p>Pagal pateiktus duomenis, per baland\u017eio\u2013bir\u017eelio m\u0117nesius \u201eApple\u201c u\u017edirbo 29,79 mlrd. JAV doleri\u0173 (25,9 mlrd. eur\u0173), arba 2,02 dolerio vienai akcijai \u2013 tai yra 27% daugiau nei prie\u0161 metus, kai pelnas siek\u0117 23,43 mlrd. doleri\u0173 (20,4 mlrd. eur\u0173).<\/p>\n<p>Bendros pajamos i\u0161augo 16% iki 109,42 mlrd. doleri\u0173 (95,2 mlrd. eur\u0173).<\/p>\n<p>Pagrindiniai finansiniai rodikliai ir poky\u010diai<\/p>\n<ul>\n<li>I\u0161manieji telefonai: \u201eiPhone\u201c pardavimai \u0161oktel\u0117jo 21,7% ir pasiek\u0117 ketvir\u010dio rekord\u0105 \u2013 54,25 mlrd. doleri\u0173 (47,2 mlrd. eur\u0173).<\/li>\n<li>Kompiuteriai: \u201eMac\u201c padalinio pajamos augo 28,7% iki 10,35 mlrd. doleri\u0173 (9 mlrd. eur\u0173).<\/li>\n<li>Prognoz\u0117s: Einamajam ketvir\u010diui bendrov\u0117 prognozuoja 9\u201311% pajam\u0173 augim\u0105, kai analitikai tik\u0117josi ma\u017edaug 12%.<\/li>\n<\/ul>\n<p>Timo Kuko eros pabaiga ir i\u0161\u0161\u016bkiai rinkoje<\/p>\n<p>\u0160i finansin\u0117 ataskaita buvo paskutin\u0117 Timui Kukui (<a style=\"color: #b00b0b;\" href=\"https:\/\/infa.lt\/tag\/tim-cook\" rel=\"noopener noreferrer nofollow\" target=\"_blank\">Tim Cook<\/a>) einant bendrov\u0117s vadovo pareigas 15 met\u0173 \u2013 rugs\u0117jo 1 dien\u0105 jo k\u0117d\u0119 perims technin\u0117s \u012frangos in\u017einerijos vadovas D\u017eonas Ternusas (John Ternus).<\/p>\n<p>Pasak \u201eApple\u201c vadovyb\u0117s, ketvir\u010dio rezultatus apsunkino augantys atminties lust\u0173 ka\u0161tai ir pa\u017eangi\u0173 puslaidininki\u0173 gamybos paj\u0117gum\u0173 tr\u016bkumas.<\/p>\n<p>T. Kukas atminties lust\u0173 kain\u0173 \u0161uol\u012f apib\u016bdino kaip \u201e\u0161imtme\u010dio potvyn\u012f\u201c (angl. 100-year flood) ir prognozavo, kad \u0161ios i\u0161laidos augs ir toliau.<\/p>\n<p>Be to, bendrov\u0117 nebegaus muit\u0173 gr\u0105\u017einim\u0173, kurie padidino pra\u0117jusio ketvir\u010dio pelno mar\u017e\u0105.<\/p>\n","protected":false},"excerpt":{"rendered":"Bendrov\u0117 \u201eApple\u201c paskelb\u0117 ketvir\u010dio rezultatus, vir\u0161ijusius rinkos l\u016bkes\u010dius, ta\u010diau jos akcij\u0173 kursas po prekybos valand\u0173 krito net iki&hellip;\n","protected":false},"author":2,"featured_media":242828,"comment_status":"","ping_status":"","sticky":false,"template":"","format":"standard","meta":{"footnotes":"","_share_on_mastodon":"0"},"categories":[17],"tags":[1857,81,37,39,36,38,40,46],"class_list":["post-242827","post","type-post","status-publish","format-standard","has-post-thumbnail","category-verslas","tag-apple","tag-business","tag-lietuva","tag-lietuviu","tag-lithuania","tag-lithuanian","tag-lt","tag-verslas"],"share_on_mastodon":{"url":"https:\/\/pubeurope.com\/@lt\/117016343918551786","error":""},"_links":{"self":[{"href":"https:\/\/www.europesays.com\/lt\/wp-json\/wp\/v2\/posts\/242827","targetHints":{"allow":["GET"]}}],"collection":[{"href":"https:\/\/www.europesays.com\/lt\/wp-json\/wp\/v2\/posts"}],"about":[{"href":"https:\/\/www.europesays.com\/lt\/wp-json\/wp\/v2\/types\/post"}],"author":[{"embeddable":true,"href":"https:\/\/www.europesays.com\/lt\/wp-json\/wp\/v2\/users\/2"}],"replies":[{"embeddable":true,"href":"https:\/\/www.europesays.com\/lt\/wp-json\/wp\/v2\/comments?post=242827"}],"version-history":[{"count":0,"href":"https:\/\/www.europesays.com\/lt\/wp-json\/wp\/v2\/posts\/242827\/revisions"}],"wp:featuredmedia":[{"embeddable":true,"href":"https:\/\/www.europesays.com\/lt\/wp-json\/wp\/v2\/media\/242828"}],"wp:attachment":[{"href":"https:\/\/www.europesays.com\/lt\/wp-json\/wp\/v2\/media?parent=242827"}],"wp:term":[{"taxonomy":"category","embeddable":true,"href":"https:\/\/www.europesays.com\/lt\/wp-json\/wp\/v2\/categories?post=242827"},{"taxonomy":"post_tag","embeddable":true,"href":"https:\/\/www.europesays.com\/lt\/wp-json\/wp\/v2\/tags?post=242827"}],"curies":[{"name":"wp","href":"https:\/\/api.w.org\/{rel}","templated":true}]}}