{"id":242835,"date":"2026-07-31T20:00:18","date_gmt":"2026-07-31T20:00:18","guid":{"rendered":"https:\/\/www.europesays.com\/lt\/242835\/"},"modified":"2026-07-31T20:00:18","modified_gmt":"2026-07-31T20:00:18","slug":"lietuvos-baldu-eksportuotojai-iesko-naujos-krypties-kaip-prisitaiko-prie-letejancios-europos-paklausos-ir-kylanciu-kastu","status":"publish","type":"post","link":"https:\/\/www.europesays.com\/lt\/242835\/","title":{"rendered":"Lietuvos bald\u0173 eksportuotojai ie\u0161ko naujos krypties: kaip prisitaiko prie l\u0117t\u0117jan\u010dios Europos paklausos ir kylan\u010di\u0173 ka\u0161t\u0173"},"content":{"rendered":"<p><img width=\"900\" height=\"600\" src=\"https:\/\/www.europesays.com\/lt\/wp-content\/uploads\/2026\/07\/lietuvos-baldu-eksportuotojai-iesko-naujos-krypties-kaip-prisitaiko-prie-letejancios-europos-paklaus.jpeg\" alt=\"Pagrindin\u0117 iliustracija\" data-full=\"https:\/\/ekonomika.lt\/wp-content\/uploads\/2026\/07\/lietuvos-baldu-eksportuotojai-iesko-naujos-krypties-kaip-prisitaiko-prie-letejancios-europos-paklausos-ir-kylanciu-kastu-7YUvAUbfSV0-1024x704.jpg\" loading=\"eager\" decoding=\"async\" fetchpriority=\"high\" \/><\/p>\n<p>\n            Pagrindin\u0117 iliustracija. Nuotrauka: Museums Victoria \/ Unsplash.        <\/p>\n<p>Lietuvos bald\u0173 pramon\u0117 jau daugel\u012f met\u0173 yra vienas svarbiausi\u0173 \u0161alies eksporto ram\u0161\u010di\u0173, ta\u010diau pastaruoju metu \u0161iam sektoriui tenka veikti gerokai sud\u0117tingesn\u0117mis s\u0105lygomis. L\u0117t\u0117janti paklausa pagrindin\u0117se Europos rinkose, brangstanti darbo j\u0117ga ir \u017ealiavos ver\u010dia \u012fmones per\u017ei\u016br\u0117ti savo strategijas.<\/p>\n<p>Dalis gamintoj\u0173 ir eksportuotoj\u0173 ie\u0161ko nauj\u0173 rink\u0173 u\u017e Europos rib\u0173, kiti daugiau investuoja \u012f efektyvum\u0105 ir gamini\u0173 prid\u0117tin\u0119 vert\u0119. Vis da\u017eniau kalbama ir apie tai, kaip i\u0161laikyti konkurencingum\u0105 nesivadovaujant vien ma\u017eiausios kainos principu.<\/p>\n<p>Bald\u0173 sektoriaus svarba Lietuvos \u016bkiui<\/p>\n<p>Bald\u0173 ir interjero detali\u0173 gamyba Lietuvoje istori\u0161kai susiformavo kaip viena stipriausi\u0173 apdirbamosios pramon\u0117s \u0161ak\u0173. Dalis \u012fmoni\u0173 dirba kaip did\u017ei\u0173j\u0173 Vakar\u0173 Europos ma\u017emenin\u0117s prekybos tinkl\u0173 tiek\u0117jai, kitos pl\u0117toja nuosavus preki\u0173 \u017eenklus ir savo dizain\u0105.<\/p>\n<p>\u0160ios srities \u012fmon\u0117s sukuria t\u016bkstan\u010dius darbo viet\u0173 ne tik didmies\u010diuose, bet ir regionuose, kur alternatyv\u0173 auk\u0161tesn\u0117s kvalifikacijos pramoniniam darbui da\u017enai n\u0117ra daug. Tod\u0117l \u0161io sektoriaus sprendimai ir i\u0161\u0161\u016bkiai turi tiesiogin\u0119 \u012ftak\u0105 vietos bendruomen\u0117ms bei savivaldybi\u0173 biud\u017eetams.<\/p>\n<p>Silpnesn\u0117 paklausa Europoje ir pirk\u0117j\u0173 elgesio poky\u010diai<\/p>\n<p>Lietuvos bald\u0173 eksportuotojai did\u017ei\u0105j\u0105 dal\u012f produkcijos realizuoja Europos S\u0105jungos rinkose. Pastaruoju metu pirk\u0117j\u0173 elges\u012f \u010dia veikia keli veiksniai: padid\u0117j\u0119s atsargumas d\u0117l ekonominio neapibr\u0117\u017etumo, auk\u0161tesn\u0117s pal\u016bkanos ir tam tikrais laikotarpiais l\u0117t\u0117jusi b\u016bsto rinka.<\/p>\n<p>Gyventojai ilgiau atid\u0117lioja didesnius pirkinius, da\u017eniau ie\u0161ko akcij\u0173 ar renkasi pigesnius sprendimus. Be to, dalis pirk\u0117j\u0173 link\u0119 ilgiau naudoti jau turimus baldus, remontuoti ar atnaujinti, o ne keisti naujais. Tai ypa\u010d jau\u010dia \u012fmon\u0117s, kurios orientavosi \u012f vidutin\u0117s klas\u0117s asortiment\u0105 ir standartinius nam\u0173 baldus.<\/p>\n<p>Ka\u0161t\u0173 spaudimas: darbo u\u017emokestis, energija ir logistika<\/p>\n<p>Kol paklausa svyruoja, bald\u0173 \u012fmon\u0117ms tenka tvarkytis ir su augan\u010diais ka\u0161tais. Lietuvoje nuosekliai kyla darbo u\u017emokestis, stipriai pabrango energija, jau\u010diami ir logistikos ka\u0161t\u0173 poky\u010diai. Tuo pa\u010diu klientai u\u017esienyje nenori matyti didesni\u0173 galutini\u0173 kain\u0173.<\/p>\n<p>Tarpiniu laikotarpiu dalis gamintoj\u0173 bando didinti produktyvum\u0105: per\u017ei\u016bri procesus, daugiau d\u0117mesio skiria darbuotoj\u0173 kvalifikacijai, automatizuoja monotoni\u0161kus darbus. Vis da\u017eniau svarstoma, kuriuos u\u017esakymus apskritai verta priimti, jei mar\u017eos tampa per ma\u017eos ir rizika per didel\u0117.<\/p>\n<p>Naujos rinkos ir ni\u0161os u\u017e Europos rib\u0173<\/p>\n<p>I\u0161siskiria \u012fmon\u0117s, kurios aktyviai ie\u0161ko alternatyv\u0173 tradicin\u0117ms rinkoms. Dalis bald\u0173 eksportuotoj\u0173 \u017evalgosi \u012f \u0160iaur\u0117s Amerik\u0105, Artimuosius Rytus ar spar\u010diau augan\u010dias ekonomikas, kur vidurinioji klas\u0117 ple\u010diasi ir did\u0117ja vartojimas.<\/p>\n<p>Tokios rinkos reikalauja daugiau pasirengimo: b\u016btina suprasti vietos dizaino, funkcionalumo ir kokyb\u0117s l\u016bkes\u010dius, atsi\u017evelgti \u012f logistikos grandin\u0119 ir po\u017ei\u016br\u012f \u012f tiekimo patikimum\u0105. Vis d\u0117lto s\u0117kmingas \u012f\u0117jimas \u012f nauj\u0105 region\u0105 gali leisti suma\u017einti priklausomyb\u0119 nuo vieno ar keli\u0173 pagrindini\u0173 pirk\u0117j\u0173 Europoje.<\/p>\n<p>Per\u0117jimas nuo \u201epagaminti pagal br\u0117\u017ein\u012f\u201c prie savo dizaino<\/p>\n<p><img width=\"1600\" height=\"1067\" src=\"https:\/\/www.europesays.com\/lt\/wp-content\/uploads\/2026\/07\/1785528016_133_lietuvos-baldu-eksportuotojai-iesko-naujos-krypties-kaip-prisitaiko-prie-letejancios-europos-paklaus.jpeg\" alt=\"Temin\u0117 iliustracija\" decoding=\"async\" loading=\"lazy\"  \/><\/p>\n<p>Temin\u0117 iliustracija. Nuotrauka: <a href=\"https:\/\/unsplash.com\/@arumvisuals\" target=\"_blank\" rel=\"nofollow noopener\">Arum Visuals<\/a> \/ <a href=\"https:\/\/unsplash.com\/photos\/a-warehouse-filled-with-lots-of-boxes-and-pallets-VnMbc9Szs-E\" target=\"_blank\" rel=\"nofollow noopener\">Unsplash<\/a>.<\/p>\n<p>Tradicinis Lietuvos bald\u0173 pramon\u0117s modelis ilg\u0105 laik\u0105 buvo gamyba pagal u\u017esakovo br\u0117\u017einius ir specifikacijas. Toks po\u017ei\u016bris u\u017etikrino apimt\u012f, bet palikdavo ma\u017eai erdv\u0117s formuoti kainodar\u0105 ar kurti ilgalaik\u0119 vert\u0119.<\/p>\n<p>Didesn\u0119 derybin\u0119 gali\u0105 suteikia nuosavas dizainas ir preki\u0173 \u017eenklas, ta\u010diau toks kelias reikalauja investicij\u0173 \u012f k\u016brybines komandas, rinkodar\u0105 ir pardavim\u0173 kanalus. Kai kurios \u012fmon\u0117s renkasi tarpin\u012f variant\u0105: pradeda si\u016blyti savo kurtas kolekcijas esamiems partneriams ir palaipsniui didina toki\u0173 gamini\u0173 dal\u012f portfelyje.<\/p>\n<p>            Tvarumo l\u016bkestis ir poveikis med\u017eiagoms<\/p>\n<p>Europos pirk\u0117jai vis da\u017eniau domisi, i\u0161 kur atkeliavo mediena, kaip gamyboje tvarkomos atliekos ir kiek ilgai gaminys tarnaus. D\u0117l to bald\u0173 eksportuotojai skiria daugiau d\u0117mesio sertifikuotoms \u017ealiavoms, ilgaam\u017eiams sprendimams ir galimybei baldus perdirbti ar atnaujinti.<\/p>\n<p>Tvarumo tema tampa ne tik reputacijos, bet ir konkre\u010di\u0173 konkurs\u0173 reikalavimo dalimi. Tiek vie\u0161ieji, tiek privat\u016bs u\u017esakovai da\u017enai pra\u0161o parodyti, kaip valdoma tiekimo grandin\u0117, kokie rodikliai fiksuojami ir kaip siekiama ma\u017einti poveik\u012f aplinkai.<\/p>\n<p>Technologijos ir skaitmeniniai \u012frankiai eksporto grandinei<\/p>\n<p>Bald\u0173 eksporto \u012fmon\u0117s vis da\u017eniau skaitmenina savo u\u017esakym\u0173 valdym\u0105, sand\u0117liavim\u0105 ir logistikos planavim\u0105. Tikslas paprastas: grei\u010diau reaguoti \u012f paklausos poky\u010dius ir ma\u017einti nereikalingas atsargas, kurios \u201eu\u017e\u0161aldo\u201c apyvartines l\u0117\u0161as.<\/p>\n<p>Taip pat daug\u0117ja skaitmenini\u0173 produkt\u0173 katalog\u0173 ir 3D modeli\u0173 naudojimo, kai pirk\u0117jai gali tiksliai \u012fvertinti gaminio parametrus nuotoliniu b\u016bdu. Tai ypa\u010d svarbu projektuojant biur\u0173 ar vie\u0161\u0173j\u0173 erdvi\u0173 interjerus, kur reikalingas tikslus suderinamumas ir ai\u0161kus termin\u0173 <a data-autolink-id=\"27\" target=\"_blank\" href=\"https:\/\/ekonomika.lt\/temos\/taupymas\/\" rel=\"nofollow noopener\">planavimas<\/a>.<\/p>\n<p>            K\u0105 tai rei\u0161kia darbuotojams ir regionams<\/p>\n<p>Poky\u010diai sektoriuje nei\u0161vengiamai palie\u010dia ir darbuotojus. Vienur ma\u017einamos vir\u0161valand\u017ei\u0173 apimtys, kitur ie\u0161koma nauj\u0173 kompetencij\u0173: br\u0117\u017eini\u0173 skaitymo, darbo su moderniomis stakl\u0117mis, kokyb\u0117s valdymo ir skaitmenini\u0173 u\u017esakym\u0173 sistem\u0173.<\/p>\n<p>Regionuose, kur bald\u0173 gamintojai yra vieni did\u017eiausi\u0173 darbdavi\u0173, \u012fmoni\u0173 sprendimai gali lemti ir platesn\u012f socialin\u012f poveik\u012f. Stabilus eksporto portfelis da\u017enai rei\u0161kia saugesnes darbo vietas ir prognozuojamesnes pajamas, tod\u0117l verslo geb\u0117jimas prisitaikyti tampa svarbus ir vietos gyventojams.<\/p>\n<p>\n                Skaitykite m\u016bs\u0173 naujienas \u201eFacebook\u201c platformoje<br \/>\n                Su\u017einokite apie svarbiausius \u012fvykius pirmieji!\n            <\/p>\n<p>        <a href=\"https:\/\/www.facebook.com\/ekonomika.lt\" target=\"_blank\" rel=\"nofollow noopener\" class=\"follow-btn\"><br \/>\n            Sekti<br \/>\n        <\/a><\/p>\n<p>Perspektyvos: lankstumas ir ni\u0161ini\u0173 sprendim\u0173 paie\u0161ka<\/p>\n<p>Ateinan\u010diais metais Lietuvos bald\u0173 eksportuotoj\u0173 s\u0117km\u0119 lems geb\u0117jimas i\u0161laikyti lankstum\u0105. Dal\u012f saugiklio gali suteikti platesn\u0117 geografija, \u012fvairesnis klient\u0173 ratas, stipresnis nuosavo dizaino vaidmuo ir tvar\u016bs, ilgaam\u017eiai gaminiai.<\/p>\n<p>\u0160alia masin\u0117s gamybos vis daugiau d\u0117mesio gali sulaukti ni\u0161iniai segmentai: specializuoti baldai vie\u0161bu\u010diams, \u0161vietimo ar sveikatos \u012fstaigoms, modulini\u0173 nam\u0173 ir ma\u017e\u0173 erdvi\u0173 sprendimai. Tai sritys, kuriose Baltijos \u0161ali\u0173 gamintojai jau turi patirties ir gali pasi\u016blyti konkurencing\u0105 derin\u012f tarp kainos, kokyb\u0117s ir gamybos termin\u0173.<\/p>\n<p><img loading=\"lazy\" width=\"48\" height=\"48\" src=\"https:\/\/www.europesays.com\/lt\/wp-content\/uploads\/2026\/07\/1785528018_765_458765605_10220562726338336_6613345182277722726_n-48x48.jpg\" alt=\"\" decoding=\"async\"  \/><\/p>\n<p>Lukas Snarskis<\/p>\n<p>Portalo Ekonomika.lt vyr. redaktorius. Ra\u0161au \u012fvairiomis temomis, o ypatingas mano d\u0117mesys \u2013 technologijoms ir rytojaus tendencijoms.<\/p>\n","protected":false},"excerpt":{"rendered":"Pagrindin\u0117 iliustracija. Nuotrauka: Museums Victoria \/ Unsplash. Lietuvos bald\u0173 pramon\u0117 jau daugel\u012f met\u0173 yra vienas svarbiausi\u0173 \u0161alies eksporto&hellip;\n","protected":false},"author":2,"featured_media":242836,"comment_status":"","ping_status":"","sticky":false,"template":"","format":"standard","meta":{"footnotes":"","_share_on_mastodon":"0"},"categories":[17],"tags":[32191,81,124,251,37,39,34180,36,38,40,6771,46,29136],"class_list":["post-242835","post","type-post","status-publish","format-standard","has-post-thumbnail","category-verslas","tag-baldu-pramone","tag-business","tag-darbo-rinka","tag-eksportas","tag-lietuva","tag-lietuviu","tag-lietuvos-imones","tag-lithuania","tag-lithuanian","tag-lt","tag-tvarumas","tag-verslas","tag-verslo-strategija"],"share_on_mastodon":{"url":"https:\/\/pubeurope.com\/@lt\/117016371771063355","error":""},"_links":{"self":[{"href":"https:\/\/www.europesays.com\/lt\/wp-json\/wp\/v2\/posts\/242835","targetHints":{"allow":["GET"]}}],"collection":[{"href":"https:\/\/www.europesays.com\/lt\/wp-json\/wp\/v2\/posts"}],"about":[{"href":"https:\/\/www.europesays.com\/lt\/wp-json\/wp\/v2\/types\/post"}],"author":[{"embeddable":true,"href":"https:\/\/www.europesays.com\/lt\/wp-json\/wp\/v2\/users\/2"}],"replies":[{"embeddable":true,"href":"https:\/\/www.europesays.com\/lt\/wp-json\/wp\/v2\/comments?post=242835"}],"version-history":[{"count":0,"href":"https:\/\/www.europesays.com\/lt\/wp-json\/wp\/v2\/posts\/242835\/revisions"}],"wp:featuredmedia":[{"embeddable":true,"href":"https:\/\/www.europesays.com\/lt\/wp-json\/wp\/v2\/media\/242836"}],"wp:attachment":[{"href":"https:\/\/www.europesays.com\/lt\/wp-json\/wp\/v2\/media?parent=242835"}],"wp:term":[{"taxonomy":"category","embeddable":true,"href":"https:\/\/www.europesays.com\/lt\/wp-json\/wp\/v2\/categories?post=242835"},{"taxonomy":"post_tag","embeddable":true,"href":"https:\/\/www.europesays.com\/lt\/wp-json\/wp\/v2\/tags?post=242835"}],"curies":[{"name":"wp","href":"https:\/\/api.w.org\/{rel}","templated":true}]}}