{"id":242993,"date":"2026-08-01T04:40:13","date_gmt":"2026-08-01T04:40:13","guid":{"rendered":"https:\/\/www.europesays.com\/lt\/242993\/"},"modified":"2026-08-01T04:40:13","modified_gmt":"2026-08-01T04:40:13","slug":"minint-medininku-zudyniu-metines-nauseda-teige-kad-salies-pasirengimas-gresmems-nera-pakankamas","status":"publish","type":"post","link":"https:\/\/www.europesays.com\/lt\/242993\/","title":{"rendered":"Minint Medinink\u0173 \u017eudyni\u0173 metines, Naus\u0117da teig\u0117, kad \u0161alies pasirengimas gr\u0117sm\u0117ms n\u0117ra pakankamas"},"content":{"rendered":"<p>\u201eSovietin\u0117 imperija, m\u016bs\u0173 tautai palikusi daugyb\u0119 skausming\u0173 rand\u0173, ilgainiui su\u017elugo ir subyr\u0117jo. Ta\u010diau prie\u0161o gr\u0117sm\u0117 niekur nei\u0161nyko. Brutalus, tarptautines teis\u0117s normas pa\u017eeid\u017eiantis Rusijos karas Ukrainoje \u0161iandien kelia gr\u0117sm\u0119 visos Europos saugumui. Tod\u0117l privalome padaryti visk\u0105, kas nuo m\u016bs\u0173 priklauso, kad apsaugotume savo t\u0117vyn\u0119\u201c, \u2013 sak\u0117 G. Naus\u0117da.<\/p>\n<p>Prezidentas Gitanas Naus\u0117da sako neturintis naujos informacijos apie galimas Rusijos provokacijas prie\u0161 NATO valstybes, ta\u010diau ragina i\u0161likti ramiems ir b\u016bti pasirengusiems atremti galimas gr\u0117smes. Kartu \u0161alies vadovas pabr\u0117\u017eia \u2013 nors gynybos paj\u0117gumai nuosekliai stiprinami, pasirengimo lygis galimiems pavojams kol kas n\u0117ra pakankamas.<\/p>\n<p>\u201eNe, ka\u017ekokios naujos informacijos n\u0117ra. Visi puikiai suprantame, kad Rusija yra suinteresuota, kad ta \u012ftampa, psichologin\u0117 ir visokia kitokia \u012ftampa, m\u016bs\u0173 valstyb\u0117se i\u0161likt\u0173, tod\u0117l turime b\u016bti ram\u016bs, turime pasitik\u0117ti savimi ir tikrai nepasiduoti toms provokacijoms, kurios vyksta. Ne visais atvejais ir jie valdo situacij\u0105, reikia tai pripa\u017einti, ir galimas dalykas, kad jie visai nesiekia, kad taip atsitikt\u0173. Bet, vis d\u0117lto, \u010dia jau turime daugiau galvoti ne apie tai, k\u0105 jie ten galvoja arba k\u0105 jie planuoja, bet kiek mes esame pasireng\u0119 atremti \u0161itas provokacijas ir palaikyti m\u016bs\u0173 \u017emoni\u0173 saugum\u0105\u201c, \u2013 \u017eurnalistams penktadien\u012f teig\u0117 G. Naus\u0117da. <\/p>\n<p>\u201e\u0160iuo metu dar ne, tikrai ne. Darbai vyksta kiekvien\u0105 dien\u0105. \u012esigyjama tai, kas mums labiausiai reikalinga. Ir a\u0161 labai tikiuosi, kad visa tai sueis \u012f visum\u0105, bus integruota ir tikrai (\u2026) pasieksime auk\u0161\u010diausi\u0105 lyg\u012f to, k\u0105 galime \u0161iandien pasiekti u\u017e esamus finansinius i\u0161teklius, tai yra u\u017etikrinti saug\u0173 dang\u0173 vir\u0161 Lietuvos\u201c, \u2013 paklaustas, ar j\u012f tenkina \u0161alies pasirengimas galimoms gr\u0117sm\u0117ms, sak\u0117 G. Naus\u0117da. <\/p>\n","protected":false},"excerpt":{"rendered":"\u201eSovietin\u0117 imperija, m\u016bs\u0173 tautai palikusi daugyb\u0119 skausming\u0173 rand\u0173, ilgainiui su\u017elugo ir subyr\u0117jo. Ta\u010diau prie\u0161o gr\u0117sm\u0117 niekur nei\u0161nyko. Brutalus,&hellip;\n","protected":false},"author":2,"featured_media":242994,"comment_status":"","ping_status":"","sticky":false,"template":"","format":"standard","meta":{"footnotes":"","_share_on_mastodon":"0"},"categories":[15],"tags":[25,30,31,34,35,67,24,32,33,37,39,36,38,40,7435,22764,23,22,44,28,29,26,27,74,75,76],"class_list":["post-242993","post","type-post","status-publish","format-standard","has-post-thumbnail","category-pasaulis","tag-antrastes","tag-breaking-news","tag-breakingnews","tag-featured-news","tag-featurednews","tag-gitanas-nauseda","tag-headlines","tag-latest-news","tag-latestnews","tag-lietuva","tag-lietuviu","tag-lithuania","tag-lithuanian","tag-lt","tag-medininkai","tag-minejimas","tag-naujienos","tag-news","tag-pasaulis","tag-populiariausios-naujienos","tag-populiariausiosnaujienos","tag-top-stories","tag-topstories","tag-world","tag-world-news","tag-worldnews"],"share_on_mastodon":{"url":"https:\/\/pubeurope.com\/@lt\/117018416049647613","error":""},"_links":{"self":[{"href":"https:\/\/www.europesays.com\/lt\/wp-json\/wp\/v2\/posts\/242993","targetHints":{"allow":["GET"]}}],"collection":[{"href":"https:\/\/www.europesays.com\/lt\/wp-json\/wp\/v2\/posts"}],"about":[{"href":"https:\/\/www.europesays.com\/lt\/wp-json\/wp\/v2\/types\/post"}],"author":[{"embeddable":true,"href":"https:\/\/www.europesays.com\/lt\/wp-json\/wp\/v2\/users\/2"}],"replies":[{"embeddable":true,"href":"https:\/\/www.europesays.com\/lt\/wp-json\/wp\/v2\/comments?post=242993"}],"version-history":[{"count":0,"href":"https:\/\/www.europesays.com\/lt\/wp-json\/wp\/v2\/posts\/242993\/revisions"}],"wp:featuredmedia":[{"embeddable":true,"href":"https:\/\/www.europesays.com\/lt\/wp-json\/wp\/v2\/media\/242994"}],"wp:attachment":[{"href":"https:\/\/www.europesays.com\/lt\/wp-json\/wp\/v2\/media?parent=242993"}],"wp:term":[{"taxonomy":"category","embeddable":true,"href":"https:\/\/www.europesays.com\/lt\/wp-json\/wp\/v2\/categories?post=242993"},{"taxonomy":"post_tag","embeddable":true,"href":"https:\/\/www.europesays.com\/lt\/wp-json\/wp\/v2\/tags?post=242993"}],"curies":[{"name":"wp","href":"https:\/\/api.w.org\/{rel}","templated":true}]}}