{"id":243455,"date":"2026-08-01T15:58:15","date_gmt":"2026-08-01T15:58:15","guid":{"rendered":"https:\/\/www.europesays.com\/lt\/243455\/"},"modified":"2026-08-01T15:58:15","modified_gmt":"2026-08-01T15:58:15","slug":"lindsio-grehemo-mirtis-apaugo-samokslo-teorijomis-respublika-lt","status":"publish","type":"post","link":"https:\/\/www.europesays.com\/lt\/243455\/","title":{"rendered":"Lindsio Grehemo mirtis apaugo s\u0105mokslo teorijomis &#8211; Respublika.lt"},"content":{"rendered":"<p><img loading=\"lazy\" decoding=\"async\" src=\"https:\/\/www.respublika.lt\/lt\/naujienos\/pasaulis\/kitos_pasaulio_naujienos\/lindsio-grehemo-mirtis-apaugo-samokslo-teorijomis\/images\/ico_camera_white.gif\" class=\"camera\" width=\"22\" height=\"15\" alt=\"nuotr.\" style=\"position:relative; top:-2px; right:2px;\"\/> 1 nuotr.<\/p>\n<p>Senatoriaus Lindsio Grehemo laidotuv\u0117s tapo apkalb\u0173 objektu ir paskatino naujas s\u0105mokslo teorijas. EPA-Eltos nuotr.<\/p>\n<p style=\"text-align: justify;\" class=\"desktop_banner\">\u00a0<\/p>\n<p>Laidotuv\u0117s \u012fvyko pra\u0117jus beveik trims savait\u0117ms po politiko mirties, liepos 11 d.<\/p>\n<p>Liepos 28 d. atsisveikinimo ceremonija vyko Kapitolijuje ir Va\u0161ingtono nacionalin\u0117je katedroje, 29 d. &#8211; politiko gimtojoje Piet\u0173 Karolinoje.<\/p>\n<p>Internautai atkreip\u0117 d\u0117mes\u012f \u012f tai, kad ceremonijos Va\u0161ingtone, \u012f kuri\u0105 susirinko \u0161alies elitas, metu politiko karstas nebuvo atidarytas.<\/p>\n<p>Yra keletas versij\u0173, kod\u0117l atsisveikinimas vyko tokia forma. Karstas gali likti u\u017edarytas \u0161eimos pra\u0161ymu. Taip pat jis neatidaromas, kuomet visi\u0161kai u\u017edengiamas Amerikos v\u0117liava. Jeigu planuojamas atviras atsisveikinimas, v\u0117liava dedama kitaip, patikslino \u201eMemorials.com&#8221;.<\/p>\n<p>Nors u\u017edengtas karstas yra \u012fprasta protokolin\u0117 praktika, \u0161i situacija netruko tapti apkalb\u0173 objektu.<\/p>\n<p>Oficialiai teigiama, kad 71-eri\u0173 L.Grehemas mir\u0117 d\u0117l ateroskleroz\u0117s ply\u0161us aortai.<\/p>\n<p>Ta\u010diau s\u0105mokslo teoretik\u0173 tokie teiginiai ne\u012ftikino.<\/p>\n<p>Atsi\u017evelgiant \u012f tai, kad prie\u0161 pat savo mirt\u012f politikas lank\u0117si Kijeve, kai kurie d\u0117l jo mirties kaltino speciali\u0105sias tarnybas, pirmiausia Rusijos ir Irano.<\/p>\n<p>Ir netgi \u012ftar\u0117, kad politikas gal\u0117jo \u017e\u016bti Kijeve per rus\u0173 surengt\u0105 ap\u0161audym\u0105 arba jam ka\u017ekas nutiko pakeliui \u012f JAV.<\/p>\n<p>FTB agentams pasirod\u017eius L.Grehemo namuose Va\u0161ingtone (oficialiai teigiama, kad jie atvyko pad\u0117ti vietos vald\u017eiai), \u012ftarimai tik sustipr\u0117jo.<\/p>\n<p>Taip pat pasigirdo kalb\u0173, kad senatoriaus k\u016bnas tiesiog negali b\u016bti rodomas visuomenei.<\/p>\n<p>I\u0161skirtinio d\u0117mesio ceremonijos metu sulauk\u0117 ir JAV prezidento Donaldo Trampo (Donald Trump) bei viceprezidento D\u017eeismo D.Venso (J.D.Vance) elgesys.<\/p>\n<p>Pasak \u201eIrish Star&#8221;, internautai pasteb\u0117jo, kaip po atsisveikinimo kalbos D.Trampas atsainiai paplek\u0161nojo per senatoriaus karst\u0105 ir paliko scen\u0105.<\/p>\n<p>Vaizdo \u012fra\u0161as greitai tapo virusiniu. Socialini\u0173 tinkl\u0173 vartotojai pasmerk\u0117 D.Tramp\u0105, pavadindami jo elges\u012f \u201enepagarbiu&#8221; ir pabr\u0117\u017edami, kad jis \u201egali i\u0161kr\u0117sti bet k\u0105&#8221;.<\/p>\n<p>V\u0117liau atsisveikindamas per karst\u0105 paplek\u0161nojo ir D\u017e.D.Vensas. \u0160is epizodas irgi netruko i\u0161plisti socialiniuose tinkluose.<\/p>\n<p>Vieni internautai pritar\u0117 viceprezidento veiksmams ir rei\u0161k\u0117 u\u017euojaut\u0105, kiti, prie\u0161ingai, sarkasti\u0161kai d\u017eiaug\u0117si, kad L.Grehemas pagaliau nukeliavo \u012f pragar\u0105.<\/p>\n<p>Kameros u\u017efiksavo, kaip per atsisveikinimo ceremonij\u0105 D.Trampas pavai\u0161ino D\u017e.D.Vens\u0105 m\u0117tiniais saldainiais.<\/p>\n<p>\u201e\u0160is trumpas kontaktas \u012fvyko tuomet, kai gedintys susirinko atiduoti paskutin\u0119 pagarb\u0105,&#8221; &#8211; patikslino \u201eIndependent&#8221;.<\/p>\n<p>D.Trampas pasi\u016bl\u0117 D\u017e.D.Vensui saldaini\u0173 ir nusi\u0161ypsojo. V\u0117liau nufilmuota kaip prezidentas ceremonijos metu u\u017esn\u016bdo, kas v\u0117l paskatino kalbas apie jo sveikatos b\u016bkl\u0119.<\/p>\n<p>Po ceremonijos Va\u0161ingtone senatoriaus karstas liepos 29 d. buvo i\u0161gabentas \u012f Piet\u0173 Karolin\u0105.<\/p>\n<p>Vie\u0161a procesija prasid\u0117jo valstijos sostin\u0117je Kolumbijoje prie Kapitolijaus apie 11 val. vietos laiku. Karstas buvo ve\u017eamas ant Nacionalin\u0117s gvardijos lafeto, vir\u0161 jo praskriejo naikintuvai \u201eF-16&#8243;.<\/p>\n<p>Po to Pirmojoje Kolumbijos baptist\u0173 ba\u017eny\u010dioje vyko pamaldos, kuriose gal\u0117jo dalyvauti visi norintys.<\/p>\n<p>Galiausiai senatorius buvo palaidotas nedidel\u0117se Pikenso apygardos, Central miesto Maunt Zajon kapin\u0117se, kur taip pat ilsisi jo motina ir t\u0117vas.<\/p>\n<p>Amerikos respublikon\u0173 politikas ir ilgametis JAV senatorius i\u0161 Piet\u0173 Karolinos L.Grehemas buvo vienas pagrindini\u0173 Amerikos u\u017esienio politikos \u201evanag\u0173&#8221; ir nuoseklus ry\u017etingos karin\u0117s pagalbos JAV s\u0105jungininkams, \u012fskaitant Ukrain\u0105 ir Izrael\u012f, r\u0117m\u0117jas.<\/p>\n<p>Pagerbdamas politik\u0105, JAV Kongresas spartina did\u017eiulio dvi\u0161alio \u012fstatymo projekto, jau pavadinto L.Grehemo garbei, kuriuo siekiama sugrie\u017etinti ekonominius apribojimus su Rusija prekiaujan\u010dioms ar bendradarbiaujan\u010dios \u0161alis, pri\u0117mim\u0105.<\/p>\n","protected":false},"excerpt":{"rendered":"1 nuotr. Senatoriaus Lindsio Grehemo laidotuv\u0117s tapo apkalb\u0173 objektu ir paskatino naujas s\u0105mokslo teorijas. EPA-Eltos nuotr. \u00a0 Laidotuv\u0117s&hellip;\n","protected":false},"author":2,"featured_media":243456,"comment_status":"","ping_status":"","sticky":false,"template":"","format":"standard","meta":{"footnotes":"","_share_on_mastodon":"0"},"categories":[15],"tags":[25,30,31,34,35,11198,24,79,223,22324,1124,32,33,37,39,36,38,40,396,23,22,44,28,29,119,26,27,351,360,35977,723,74,75,76],"class_list":["post-243455","post","type-post","status-publish","format-standard","has-post-thumbnail","category-pasaulis","tag-antrastes","tag-breaking-news","tag-breakingnews","tag-featured-news","tag-featurednews","tag-grehemas","tag-headlines","tag-iranas","tag-jav","tag-karstas","tag-laidotuves","tag-latest-news","tag-latestnews","tag-lietuva","tag-lietuviu","tag-lithuania","tag-lithuanian","tag-lt","tag-mirtis","tag-naujienos","tag-news","tag-pasaulis","tag-populiariausios-naujienos","tag-populiariausiosnaujienos","tag-rusija","tag-top-stories","tag-topstories","tag-trampas","tag-ukraina","tag-uzdarytas","tag-veliava","tag-world","tag-world-news","tag-worldnews"],"share_on_mastodon":{"url":"https:\/\/pubeurope.com\/@lt\/117021082291925845","error":""},"_links":{"self":[{"href":"https:\/\/www.europesays.com\/lt\/wp-json\/wp\/v2\/posts\/243455","targetHints":{"allow":["GET"]}}],"collection":[{"href":"https:\/\/www.europesays.com\/lt\/wp-json\/wp\/v2\/posts"}],"about":[{"href":"https:\/\/www.europesays.com\/lt\/wp-json\/wp\/v2\/types\/post"}],"author":[{"embeddable":true,"href":"https:\/\/www.europesays.com\/lt\/wp-json\/wp\/v2\/users\/2"}],"replies":[{"embeddable":true,"href":"https:\/\/www.europesays.com\/lt\/wp-json\/wp\/v2\/comments?post=243455"}],"version-history":[{"count":0,"href":"https:\/\/www.europesays.com\/lt\/wp-json\/wp\/v2\/posts\/243455\/revisions"}],"wp:featuredmedia":[{"embeddable":true,"href":"https:\/\/www.europesays.com\/lt\/wp-json\/wp\/v2\/media\/243456"}],"wp:attachment":[{"href":"https:\/\/www.europesays.com\/lt\/wp-json\/wp\/v2\/media?parent=243455"}],"wp:term":[{"taxonomy":"category","embeddable":true,"href":"https:\/\/www.europesays.com\/lt\/wp-json\/wp\/v2\/categories?post=243455"},{"taxonomy":"post_tag","embeddable":true,"href":"https:\/\/www.europesays.com\/lt\/wp-json\/wp\/v2\/tags?post=243455"}],"curies":[{"name":"wp","href":"https:\/\/api.w.org\/{rel}","templated":true}]}}