{"id":243521,"date":"2026-08-01T18:25:08","date_gmt":"2026-08-01T18:25:08","guid":{"rendered":"https:\/\/www.europesays.com\/lt\/243521\/"},"modified":"2026-08-01T18:25:08","modified_gmt":"2026-08-01T18:25:08","slug":"nauseda-siandien-europoje-vel-matome-brutalia-agresija-delfi-lt","status":"publish","type":"post","link":"https:\/\/www.europesays.com\/lt\/243521\/","title":{"rendered":"Naus\u0117da: \u0161iandien Europoje v\u0117l matome brutali\u0105 agresij\u0105 &#8211; delfi.lt"},"content":{"rendered":"<ol>\n<li><a href=\"https:\/\/news.google.com\/rss\/articles\/CBMipwFBVV95cUxPejBUcnFzVXdidVBPS193dE5WQ3lMNmdmdmNvSnJ3RUFoUVRzaXhvTW9hdk02Z1dfMmlqektPVXdPMy1jT0Y1N2hXLVpTVm9JOWlZNW1fTC1PTFAwQkQ3eS1ldGFuaG00eGxmTjg4ejMtbnlrc3daR0toVmZSWF9yNXNrM29yYlN6QWVRc3VvOW94MEt6Wi1wR3NhYlByT24yaUhReVhNRQ?oc=5\" target=\"_blank\" rel=\"nofollow noopener\">Naus\u0117da: \u0161iandien Europoje v\u0117l matome brutali\u0105 agresij\u0105<\/a>&nbsp;&nbsp;delfi.lt<\/li>\n<li><a href=\"https:\/\/news.google.com\/rss\/articles\/CBMingFBVV95cUxPWE4xRFNCaGdZeWRYSDB0VUhVSTVYQW1TVlRGdzBxemN5dVdXWldha3A0ZlVhZkVDQ1o4dzFmb3p1ejdfZWxEOFRHRmVOMnJ6b0lFbWdzWjU5aDBuY3pESU5UV3VHUVRkNHVNOGZuQk9DZUV3ZUZIcE9aeVYzRnRFUE9BZlJMZDZsdWVraWUtMTlLVkd4R3F5YUx2ZmZVQQ?oc=5\" target=\"_blank\" rel=\"nofollow noopener\">Kod\u0117l Lietuvai b\u016btina darbo j\u0117ga i\u0161 tre\u010di\u0173j\u0173 \u0161ali\u0173?<\/a>&nbsp;&nbsp;LRT<\/li>\n<li><a href=\"https:\/\/news.google.com\/rss\/articles\/CBMi7gFBVV95cUxQODA4enVEMEoxNnZ3eFZOdDFZWnI0bnlZOC1xWU9mSkZHU09tTS1NZ1FNR1JBaE9TNjZlbjBMdk1XcVBtNDA2VkZjbjdTU3pWSkhFNGdMTmpHM3VNRWViUEZaRVFJbG4xSGhyYWE5ZmpqNDBDR2dmMG5hbGxzQlZwVFBDbVA4UURVc296cXlNX0xHdkRYMjkwaXN5V0pvX2ZxNGZzcVVZR0plWXBxUmNobFgyYWZOWnJrQlBRNnhfbmdGT0N5VHJrTHpKMHlIcEh5TU95VHpzMmV1OWpoNDhSbWNpS3BrNkRZRW9PRTln?oc=5\" target=\"_blank\" rel=\"nofollow noopener\">Prezidentas soviet\u0173 represuotiesiems: Europoje matant brutali\u0105 agresij\u0105, j\u016bs primenate laisv\u0117s kain\u0105<\/a>&nbsp;&nbsp;15min.lt<\/li>\n<li><a href=\"https:\/\/news.google.com\/rss\/articles\/CBMipAFBVV95cUxOOE40S1dQX0docTFlUU0yYlZ5THZVUlhLZ3k0WjJPZVZUd2cxdnAtS2hYX2hFVXl5QUswRzlxM196bTN4VTZPVlNLSHo4SmZLbGx1SEo3OTBnX2VmRDQycjVVZW9XTnhLYThUMkNwdnVudlNZU3ctYXRjUnBwTzJZRmRPa2k3eUlkWmNqc29EZUIwbG02eUtBQ0x6Qml6MWpWUldkNQ?oc=5\" target=\"_blank\" rel=\"nofollow noopener\">Jurbarko tremtiniai dalyvavo s\u0105skrydyje \u201eSu Lietuva \u0161irdy\u201c<\/a>&nbsp;&nbsp;M\u016bs\u0173 Laikas<\/li>\n<li><a href=\"https:\/\/news.google.com\/rss\/articles\/CBMirwFBVV95cUxQbzZUb2RBeEpjTzhEc0lvdUJoOFpHZXZaR2FHRmo2YUtYdWN3a1BKRG1IMnpRcGdBcUVCZTdYM2xOUFUtejlJaWlsY0hvMmlhbklaVWpTUW5CUnVGZHcxWXEzMDZBeVIyanRMaWVnclQyUkE0NnhwMFhpUENRQVlpLTdMRUFxemlFSHkzYXI5bXQ5UmNud2ZTQUl1T2c3Uk8zdFhCcXFlZ2l1bWQxSWY0?oc=5\" target=\"_blank\" rel=\"nofollow noopener\">Ariogaloje susitinka Lietuvos tremtiniai ir politiniai kaliniai<\/a>&nbsp;&nbsp;LRT<\/li>\n<\/ol>\n","protected":false},"excerpt":{"rendered":"Naus\u0117da: \u0161iandien Europoje v\u0117l matome brutali\u0105 agresij\u0105&nbsp;&nbsp;delfi.lt Kod\u0117l Lietuvai b\u016btina darbo j\u0117ga i\u0161 tre\u010di\u0173j\u0173 \u0161ali\u0173?&nbsp;&nbsp;LRT Prezidentas soviet\u0173 represuotiesiems:&hellip;\n","protected":false},"author":2,"featured_media":243522,"comment_status":"","ping_status":"","sticky":false,"template":"","format":"standard","meta":{"footnotes":"","_share_on_mastodon":"0"},"categories":[13],"tags":[25,30,31,34,35,67,24,32,33,37,39,36,38,40,23,22,28,29,26,27],"class_list":["post-243521","post","type-post","status-publish","format-standard","has-post-thumbnail","category-lietuva","tag-antrastes","tag-breaking-news","tag-breakingnews","tag-featured-news","tag-featurednews","tag-gitanas-nauseda","tag-headlines","tag-latest-news","tag-latestnews","tag-lietuva","tag-lietuviu","tag-lithuania","tag-lithuanian","tag-lt","tag-naujienos","tag-news","tag-populiariausios-naujienos","tag-populiariausiosnaujienos","tag-top-stories","tag-topstories"],"share_on_mastodon":{"url":"https:\/\/pubeurope.com\/@lt\/117021659848370869","error":""},"_links":{"self":[{"href":"https:\/\/www.europesays.com\/lt\/wp-json\/wp\/v2\/posts\/243521","targetHints":{"allow":["GET"]}}],"collection":[{"href":"https:\/\/www.europesays.com\/lt\/wp-json\/wp\/v2\/posts"}],"about":[{"href":"https:\/\/www.europesays.com\/lt\/wp-json\/wp\/v2\/types\/post"}],"author":[{"embeddable":true,"href":"https:\/\/www.europesays.com\/lt\/wp-json\/wp\/v2\/users\/2"}],"replies":[{"embeddable":true,"href":"https:\/\/www.europesays.com\/lt\/wp-json\/wp\/v2\/comments?post=243521"}],"version-history":[{"count":0,"href":"https:\/\/www.europesays.com\/lt\/wp-json\/wp\/v2\/posts\/243521\/revisions"}],"wp:featuredmedia":[{"embeddable":true,"href":"https:\/\/www.europesays.com\/lt\/wp-json\/wp\/v2\/media\/243522"}],"wp:attachment":[{"href":"https:\/\/www.europesays.com\/lt\/wp-json\/wp\/v2\/media?parent=243521"}],"wp:term":[{"taxonomy":"category","embeddable":true,"href":"https:\/\/www.europesays.com\/lt\/wp-json\/wp\/v2\/categories?post=243521"},{"taxonomy":"post_tag","embeddable":true,"href":"https:\/\/www.europesays.com\/lt\/wp-json\/wp\/v2\/tags?post=243521"}],"curies":[{"name":"wp","href":"https:\/\/api.w.org\/{rel}","templated":true}]}}