{"id":243555,"date":"2026-08-01T19:19:14","date_gmt":"2026-08-01T19:19:14","guid":{"rendered":"https:\/\/www.europesays.com\/lt\/243555\/"},"modified":"2026-08-01T19:19:14","modified_gmt":"2026-08-01T19:19:14","slug":"kun-robertas-grigas-apie-kasandros-patirti-respublika-lt","status":"publish","type":"post","link":"https:\/\/www.europesays.com\/lt\/243555\/","title":{"rendered":"Kun. Robertas GRIGAS: Apie Kasandros patirt\u012f &#8211; Respublika.lt"},"content":{"rendered":"<p><img loading=\"lazy\" decoding=\"async\" src=\"https:\/\/www.respublika.lt\/lt\/naujienos\/nuomones_ir_komentarai\/isklausyk-respublika\/kun-robertas-grigas-apie-kasandros-patirti\/images\/ico_camera_white.gif\" class=\"camera\" width=\"22\" height=\"15\" alt=\"nuotr.\" style=\"position:relative; top:-2px; right:2px;\"\/> 2 nuotr.<\/p>\n<p>Kunigas Robertas Grigas. Stasio \u017dumbio nuotr.<\/p>\n<p style=\"text-align: justify;\" class=\"desktop_banner\">\u00a0<\/p>\n<p>Gerai i\u0161studijav\u0119s Pirmojo pasaulinio karo ir Antrojo pasaulinio karo i\u0161takas, raid\u0105 ir galop \u0161imtus milijon\u0173 \u017emogi\u0161k\u0173j\u0173 gyvybi\u0173 sunaikinusi\u0105 ir kelis \u017eemynus nusiaubusi\u0105 detonacij\u0105 &#8211; akivaizd\u017eiai matai ir supranti, kurlink veda dabartin\u0117 visa ko militarizacija.<\/p>\n<p>Visas gyvenimo sritis, nuo politikos, medij\u0173 iki kult\u016bros ir sporto, persunkianti karo ir neapykantos propaganda.<\/p>\n<p>Nuolatinis vie\u0161as scenarij\u0173 \u012fgarsinimas, kur pilie\u010di\u0173 svarstymui pateikiami tik vis augantys ginkl\u0173 pirkimai, tik \u201epab\u0117gimo krep\u0161ys&#8221;, tik \u201ediena X&#8221;.<\/p>\n<p>Joki\u0173 deryb\u0173 variant\u0173, jokios diplomatijos. Jokio abipusi\u0173 (pasaulini\u0173) nuolaid\u0173 aptarimo. Joki\u0173, bent teorini\u0173, kompromis\u0173 pasi\u016blym\u0173. Tiktai karas.<\/p>\n<p>Tu \u0161auki, r\u0117ki, bandai parodyti, kad \u0161itoje istorijos apvijoje mes, \u017emonija, jau daug syki\u0173 buvome.<\/p>\n<p>Ant \u0161ito gr\u0117blio jau daug kart\u0173 lipome. Ir \u017einome i\u0161 seneli\u0173 ir t\u0117v\u0173 patirties, kuo tai baigiasi.<\/p>\n<p>Niekas (i\u0161 galin\u010di\u0173 daryti \u012ftak\u0105 ir sprendimus) negirdi ir nesiklauso. Net ir tavo bi\u010diuliai, kuriems tarsi r\u016bp\u0117jo Lietuvos i\u0161likimas, nesvarbu, ar jie b\u016bt\u0173 i\u0161 \u201ekair\u0117s&#8221;, ar i\u0161 \u201ede\u0161in\u0117s&#8221;, i\u0161 vald\u017eios ar i\u0161 opozicijos, pu\u010dia karo trimitus.<\/p>\n<p>Susitik\u0119 nelabai nori \u017ei\u016br\u0117ti \u012f akis ir sveikintis, nes, pagal primityv\u0173j\u012f oficial\u0173 naratyv\u0105, tu gal nepakankamai keiki Rusij\u0105 (nera\u0161ai ma\u017e\u0105ja raide ir su dviem \u201ess&#8221; ), ar gal si\u016blai Ukrainai kapituliacij\u0105?!<\/p>\n<p>Nepam\u0105sto, kad, naujam ugnies tornadui \u012fsukus pasaul\u012f, Lietuvos gali ir nebelikti?..<\/p>\n<p>Net ir Ba\u017eny\u010dia, kurios prigimtin\u0117 pareiga yra skelbti taik\u0105 ir gailestingum\u0105, lyg pritilusi.<\/p>\n<p>Tik a+a popie\u017eius Pranci\u0161kus ir dabar Leonas XIV grie\u017e\u010diau prie\u0161 atsiritan\u010di\u0105 naujo didelio karo beprotyb\u0119 yra protestav\u0119. Kaip ir reik\u0117jo tik\u0117tis, susilaukdami \u201e\u0161io pasaulio galing\u0173j\u0173&#8221; paty\u010di\u0173 ir pagr\u016bmojim\u0173.<\/p>\n<p>Na, Ba\u017eny\u010dia sako, reikia melstis u\u017e taik\u0105, ir meld\u017eiasi. Melstis yra gerai. Bet jeigu Dievas dav\u0117 mums prot\u0105 ir laisv\u0105 vali\u0105, gal ir \u0161iais \u012frankiais dera k\u0105 nors nuveikti? Kalb\u0117ti. \u012esp\u0117ti. Kry\u017eium gulti prie\u0161 atriedant\u012f mirtinos beprotyb\u0117s traukin\u012f. Bent jau nekurstyti jo pakuros.<\/p>\n<p>Kasandrai daus\u0173 buvo suteikta prana\u0161yst\u0117s dovana &#8211; su s\u0105lyga, kad jos \u012fsp\u0117jimais apie Miestui art\u0117jan\u010di\u0105 pra\u017e\u016bt\u012f niekas netik\u0117s.<\/p>\n<p>Taip ir buvo &#8211; niekas ne\u0117m\u0117 \u012f galv\u0105 jos raud\u0173 ir \u012fsp\u0117jim\u0173, kol Nelaim\u0117 nu\u0161lav\u0117 miest\u0105 ir sunaikino pa\u010di\u0105 Kasandr\u0105.<\/p>\n<p>\u201e\u0116jo tautos \u012f nakt\u012f, \u012f tamsi\u0105,\u00a0\u012f klaiki\u0105,<\/p>\n<p>O j\u0173 dainiai dainavo \u012f laim\u0119 ein\u0105.<\/p>\n<p>Alkan\u0173, kruvin\u0173 mini\u0173 minios\u00a0juos keik\u0117 &#8211;<\/p>\n<p>Tai bepro\u010di\u0173 keliai, tai bepro\u010di\u0173\u00a0daina!&#8221;<\/p>\n<p>Tai Bernardo Brazd\u017eionio eil\u0117s, para\u0161ytos II-jo pasaulinio karo i\u0161vakar\u0117se. \u012esiklausykime.<\/p>\n<p>\u201eDainiai&#8221; &#8211; tai \u017eudynes heroizuojantys politikai, analitikai, neapykant\u0105 tira\u017euojanti \u017einiasklaida.<\/p>\n<p>Ir tau belieka paskutinis disidento prieglobstis, Sol\u017eenicyno u\u017erodytas &#8211; NEDALYVAUTI MELE. NEDALYVAUTI BEPROTYB\u0116JE.<\/p>\n","protected":false},"excerpt":{"rendered":"2 nuotr. Kunigas Robertas Grigas. Stasio \u017dumbio nuotr. \u00a0 Gerai i\u0161studijav\u0119s Pirmojo pasaulinio karo ir Antrojo pasaulinio karo&hellip;\n","protected":false},"author":2,"featured_media":243556,"comment_status":"","ping_status":"","sticky":false,"template":"","format":"standard","meta":{"footnotes":"","_share_on_mastodon":"0"},"categories":[13],"tags":[25,35991,30,31,34,35,619,24,815,35989,32,33,37,39,36,38,40,35990,23,3367,22,28,29,2560,119,26,27,360],"class_list":["post-243555","post","type-post","status-publish","format-standard","has-post-thumbnail","category-lietuva","tag-antrastes","tag-brazdzionis","tag-breaking-news","tag-breakingnews","tag-featured-news","tag-featurednews","tag-grigas","tag-headlines","tag-karas","tag-kasandra","tag-latest-news","tag-latestnews","tag-lietuva","tag-lietuviu","tag-lithuania","tag-lithuanian","tag-lt","tag-militarizacija","tag-naujienos","tag-neapykanta","tag-news","tag-populiariausios-naujienos","tag-populiariausiosnaujienos","tag-propaganda","tag-rusija","tag-top-stories","tag-topstories","tag-ukraina"],"share_on_mastodon":{"url":"https:\/\/pubeurope.com\/@lt\/117021872522504955","error":""},"_links":{"self":[{"href":"https:\/\/www.europesays.com\/lt\/wp-json\/wp\/v2\/posts\/243555","targetHints":{"allow":["GET"]}}],"collection":[{"href":"https:\/\/www.europesays.com\/lt\/wp-json\/wp\/v2\/posts"}],"about":[{"href":"https:\/\/www.europesays.com\/lt\/wp-json\/wp\/v2\/types\/post"}],"author":[{"embeddable":true,"href":"https:\/\/www.europesays.com\/lt\/wp-json\/wp\/v2\/users\/2"}],"replies":[{"embeddable":true,"href":"https:\/\/www.europesays.com\/lt\/wp-json\/wp\/v2\/comments?post=243555"}],"version-history":[{"count":0,"href":"https:\/\/www.europesays.com\/lt\/wp-json\/wp\/v2\/posts\/243555\/revisions"}],"wp:featuredmedia":[{"embeddable":true,"href":"https:\/\/www.europesays.com\/lt\/wp-json\/wp\/v2\/media\/243556"}],"wp:attachment":[{"href":"https:\/\/www.europesays.com\/lt\/wp-json\/wp\/v2\/media?parent=243555"}],"wp:term":[{"taxonomy":"category","embeddable":true,"href":"https:\/\/www.europesays.com\/lt\/wp-json\/wp\/v2\/categories?post=243555"},{"taxonomy":"post_tag","embeddable":true,"href":"https:\/\/www.europesays.com\/lt\/wp-json\/wp\/v2\/tags?post=243555"}],"curies":[{"name":"wp","href":"https:\/\/api.w.org\/{rel}","templated":true}]}}