{"id":243701,"date":"2026-08-02T04:13:09","date_gmt":"2026-08-02T04:13:09","guid":{"rendered":"https:\/\/www.europesays.com\/lt\/243701\/"},"modified":"2026-08-02T04:13:09","modified_gmt":"2026-08-02T04:13:09","slug":"trys-zmones-zuvo-per-sprogima-maskvos-centre-respublika-lt","status":"publish","type":"post","link":"https:\/\/www.europesays.com\/lt\/243701\/","title":{"rendered":"Trys \u017emon\u0117s \u017euvo per sprogim\u0105 Maskvos centre &#8211; Respublika.lt"},"content":{"rendered":"<p><img loading=\"lazy\" decoding=\"async\" src=\"https:\/\/www.respublika.lt\/lt\/naujienos\/pasaulis\/kitos_pasaulio_naujienos\/per-sprogima-maskvos-kavineje-zuvo-maziausiai-3-zmones-15-suzeisti\/images\/ico_camera_white.gif\" class=\"camera\" width=\"22\" height=\"15\" alt=\"nuotr.\" style=\"position:relative; top:-2px; right:2px;\"\/> 1 nuotr.<\/p>\n<p>Socialinio tinklo nuotr.<\/p>\n<p style=\"text-align: left;\">Policija prane\u0161\u0117, kad \u0161e\u0161tadien\u012f Maskvos centre netoli vienos kavin\u0117s per \u012fvykus\u012f sprogim\u0105 \u017euvo ma\u017eiausiai trys \u017emon\u0117s, o dar 15 buvo su\u017eeisti, ta\u010diau sprogimo prie\u017easties nenurod\u0117.<\/p>\n<p style=\"text-align: justify;\" class=\"desktop_banner\">\u00a0<\/p>\n<p style=\"text-align: left;\">\u201eRemiantis turima informacija, \u0161iandien apie 20:10 val. netoli vasaros kavin\u0117s \u012fvyko sprogimas, kurio metu \u017euvo trys \u017emon\u0117s, o 15 buvo su\u017eeisti. Su\u017ealojim\u0173 sunkumas \u012fvairus\u201c, \u2013 Maskvos policija prane\u0161\u0117 valstybinei naujien\u0173 agent\u016brai \u201eRIA Novosti\u201c.<\/p>\n<p style=\"text-align: left;\">Prane\u0161ime taip pat nurodyta, kad \u012fvykio vietoje dirba tyr\u0117jai ir teismo medicinos ekspertai.<\/p>\n<p style=\"text-align: left;\">\u201eTelegram\u201c kanaluose paskelbtose nuotraukose matyti \u012fvykio vietoje esantys gaisriniai ir greitosios pagalbos automobiliai.<\/p>\n<p style=\"text-align: left;\">Remiantis platform\u0173 \u201eTelegram\u201c duomenimis, sprogimas nugriaud\u0117jo itali\u0161kame restorane \u201eBalzi Rossi\u201c, kuriame vyko privatus renginys.<\/p>\n<p style=\"text-align: left;\">Kanalas \u201e112\u201c prane\u0161\u0117, kad ten buvo \u0161ven\u010diamos vestuv\u0117s.\u00a0<\/p>\n<p style=\"text-align: left;\">Pagal vien\u0105 i\u0161 versij\u0173, restorane sprogo dujos.\u00a0<\/p>\n<p style=\"text-align: left;\">Oficiali\u0173 duomen\u0173 apie sprogimo prie\u017east\u012f nepateikta.<\/p>\n<p>Naujausios \u017einios<\/p>\n<p><\/p>\n<p>        <a href=\"https:\/\/www.respublika.lt\/lt\/naujienos\/pramogos\/horoskopai\/astrologine-prognoze-kitai-savaitei-87265790\/\" rel=\"nofollow noopener\" target=\"_blank\"><img decoding=\"async\" oncontextmenu=\"return false\" class=\"block_item_newest_photo\" src=\"https:\/\/www.respublika.lt\/lt\/naujienos\/pasaulis\/kitos_pasaulio_naujienos\/per-sprogima-maskvos-kavineje-zuvo-maziausiai-3-zmones-15-suzeisti\/uploads\/img\/catalog\/1\/photo_for_homepage_1_38998560.jpg\" alt=\"\" width=\"240\" height=\"154.45\"\/><\/a><\/p>\n<p>        <a href=\"https:\/\/www.respublika.lt\/lt\/naujienos\/pramogos\/idomybes\/rugpjucio-2-d-vardadieniai-ir-kitos-idomybes-87266098\/\" rel=\"nofollow noopener\" target=\"_blank\"><img decoding=\"async\" oncontextmenu=\"return false\" class=\"block_item_newest_photo\" src=\"https:\/\/www.respublika.lt\/lt\/naujienos\/pasaulis\/kitos_pasaulio_naujienos\/per-sprogima-maskvos-kavineje-zuvo-maziausiai-3-zmones-15-suzeisti\/uploads\/img\/catalog\/1\/photo_for_homepage_1_71053991.jpg\" alt=\"\" width=\"240\" height=\"154.45\"\/><\/a><\/p>\n<p>Patiko straipsnis? Leisk mums apie tai su\u017einoti. Nepamir\u0161k pasidalinti Facebook! <\/p>\n<p><img loading=\"lazy\" decoding=\"async\" class=\"p2_social_circle_icon\" src=\"https:\/\/www.respublika.lt\/images\/thumbs_up.svg\" width=\"21\" height=\"22\" alt=\"L\"\/><\/p>\n<p><img loading=\"lazy\" decoding=\"async\" class=\"p2_social_circle_icon\" src=\"https:\/\/www.respublika.lt\/images\/facebook.svg\" alt=\"F\" width=\"22\" height=\"22\" style=\"filter: invert(37%) sepia(55%) saturate(2351%) hue-rotate(187deg) brightness(102%) contrast(106%);\"\/><\/p>\n<p>&#13;<br \/>\n\tNesutinkate &#8211; diskutuokime!<br \/>&#13;<br \/>\n\tNepykite komentatoriai, bet komentarai su keiksma\u017eod\u017eiais bus \u0161alinami automati\u0161kai, be atsipra\u0161ymo.\n    <\/p>\n<p>&#13;<br \/>\n              Respublika.lt pasilieka teis\u0119 pa\u0161alinti nekult\u016bringus, keiksma\u017eod\u017eiais pagardintus, su tema nesusijusius, kito asmens vardu pasira\u0161ytus, \u012fstatymus pa\u017eeid\u017eian\u010dius, \u0161lam\u0161t\u0105 reklamuojan\u010dius ar nusikalsti kurstan\u010dius komentarus. Jei kurstysite smurt\u0105, rasin\u0119, tautin\u0119, religin\u0119 ar kitokio pob\u016bd\u017eio neapykant\u0105, \u017evirbliu i\u0161skrid\u0119 j\u016bs\u0173 \u017eod\u017eiai gr\u012f\u017edami gali virsti ton\u0105 sverian\u010diu jau\u010diu &#8211; specialiosioms Lietuvos tarnyboms pareikalavus suteiksime j\u016bs\u0173 duomenis.\n            <\/p>\n","protected":false},"excerpt":{"rendered":"1 nuotr. Socialinio tinklo nuotr. Policija prane\u0161\u0117, kad \u0161e\u0161tadien\u012f Maskvos centre netoli vienos kavin\u0117s per \u012fvykus\u012f sprogim\u0105 \u017euvo&hellip;\n","protected":false},"author":2,"featured_media":243702,"comment_status":"","ping_status":"","sticky":false,"template":"","format":"standard","meta":{"footnotes":"","_share_on_mastodon":"0"},"categories":[15],"tags":[25,2780,30,31,1787,34,35,24,2025,32,33,37,39,36,38,40,981,23,22,44,28,29,119,791,26,27,74,75,76],"class_list":["post-243701","post","type-post","status-publish","format-standard","has-post-thumbnail","category-pasaulis","tag-antrastes","tag-aukos","tag-breaking-news","tag-breakingnews","tag-dujos","tag-featured-news","tag-featurednews","tag-headlines","tag-kavine","tag-latest-news","tag-latestnews","tag-lietuva","tag-lietuviu","tag-lithuania","tag-lithuanian","tag-lt","tag-maskva","tag-naujienos","tag-news","tag-pasaulis","tag-populiariausios-naujienos","tag-populiariausiosnaujienos","tag-rusija","tag-sprogimas","tag-top-stories","tag-topstories","tag-world","tag-world-news","tag-worldnews"],"share_on_mastodon":{"url":"https:\/\/pubeurope.com\/@lt\/117023972354708155","error":""},"_links":{"self":[{"href":"https:\/\/www.europesays.com\/lt\/wp-json\/wp\/v2\/posts\/243701","targetHints":{"allow":["GET"]}}],"collection":[{"href":"https:\/\/www.europesays.com\/lt\/wp-json\/wp\/v2\/posts"}],"about":[{"href":"https:\/\/www.europesays.com\/lt\/wp-json\/wp\/v2\/types\/post"}],"author":[{"embeddable":true,"href":"https:\/\/www.europesays.com\/lt\/wp-json\/wp\/v2\/users\/2"}],"replies":[{"embeddable":true,"href":"https:\/\/www.europesays.com\/lt\/wp-json\/wp\/v2\/comments?post=243701"}],"version-history":[{"count":0,"href":"https:\/\/www.europesays.com\/lt\/wp-json\/wp\/v2\/posts\/243701\/revisions"}],"wp:featuredmedia":[{"embeddable":true,"href":"https:\/\/www.europesays.com\/lt\/wp-json\/wp\/v2\/media\/243702"}],"wp:attachment":[{"href":"https:\/\/www.europesays.com\/lt\/wp-json\/wp\/v2\/media?parent=243701"}],"wp:term":[{"taxonomy":"category","embeddable":true,"href":"https:\/\/www.europesays.com\/lt\/wp-json\/wp\/v2\/categories?post=243701"},{"taxonomy":"post_tag","embeddable":true,"href":"https:\/\/www.europesays.com\/lt\/wp-json\/wp\/v2\/tags?post=243701"}],"curies":[{"name":"wp","href":"https:\/\/api.w.org\/{rel}","templated":true}]}}