{"id":243715,"date":"2026-08-02T04:56:10","date_gmt":"2026-08-02T04:56:10","guid":{"rendered":"https:\/\/www.europesays.com\/lt\/243715\/"},"modified":"2026-08-02T04:56:10","modified_gmt":"2026-08-02T04:56:10","slug":"siuntu-nebus-is-madiaro-linkejimai-rusams-delfi","status":"publish","type":"post","link":"https:\/\/www.europesays.com\/lt\/243715\/","title":{"rendered":"Siunt\u0173 nebus: i\u0161 Madiaro \u2013 \u201elink\u0117jimai\u201c rusams &#8211; Delfi"},"content":{"rendered":"<ol>\n<li><a href=\"https:\/\/news.google.com\/rss\/articles\/CBMilwFBVV95cUxPWGE1b0o1eXdpU2had1gzSTY2NUNaajBqTDFVc3AyMWNoVVkwbG4tcmFpb0gzM3Z0RGpWR2EwdFctR3lFSG5oQ3RpYkJhT2JIa3FYWHAtbVBzM1AtZ3NaRmxESnYtTDVBVjVkRTJNN2RBWmtVYU1kcUV6ZTVzMG5NR0hwLVI3RFRuZkVCUlNnYXhpeDJPU3Fz?oc=5\" target=\"_blank\" rel=\"nofollow noopener\">Siunt\u0173 nebus: i\u0161 Madiaro \u2013 \u201elink\u0117jimai\u201c rusams<\/a>&nbsp;&nbsp;Delfi<\/li>\n<li><a href=\"https:\/\/news.google.com\/rss\/articles\/CBMirAFBVV95cUxOM2d5cDZHOFFPcW51R1AyU3cxV3FqaVBtMTdIY2V3bHh0SjZfX3dWYUdLQlZaNl9EU1RjY3AwdVA5WHg0Mm1rTHhqcGdHV3hBVGhPMUNEdGtndzNvSjZWVWpmeTJNb3l0QVpIQnlac2NOdjhhYWpwa21KWkd5U1F1YWJOejQzVG9fYzUtM3l0WXRheWhWTE5XSV80alpmZXdkTUgzdHJkak9jaEdy?oc=5\" target=\"_blank\" rel=\"nofollow noopener\">Rus\u0173 \u017eurnalistas: \u201eWildberries\u201c \u017einojo, k\u0105 darys ukrainie\u010diai<\/a>&nbsp;&nbsp;Delfi<\/li>\n<li><a href=\"https:\/\/news.google.com\/rss\/articles\/CBMiswFBVV95cUxNNXBNUE16dWVBWjYwZk1la1FaWG1YdFNzSjF2ZExJbXBqR29jaVY0ejdsczB3Mk8ySV9pMkU5aS0tOXE4Y2JEVUVBWWJFM19YVDFJUUVEazIteV83MEc0U21Lc2phNlhGT3NqTXJ3WWFYbXZTRThhMmxRcDVQa3VOTFF5R05YMGFHbC1uZWROMEZ6UkNLMHktUG52OUp1a2FtNTdCRWEwMVFTS0o0dlZuSUtVYw?oc=5\" target=\"_blank\" rel=\"nofollow noopener\">JAV ir Pranc\u016bzija pad\u0117jo Ukrainai atakuoti Rusij\u0105<\/a>&nbsp;&nbsp;Respublika<\/li>\n<li><a href=\"https:\/\/news.google.com\/rss\/articles\/CBMi0AFBVV95cUxQY2RHS1dpN01feTR2OEFGTWY0QmdfbEJKQ2JjWEUxVUlxWTlpNEp4NnJmel9HaFpnajVRSURvdTJ6T0txQ016c2pzQWYzblhKRVhGei1XcDdRYUIwM1lMQlZkZ19OUmV0MnBERkk0VUZhYlZ1ektnWEQtREZoM0t2WUJLcTQzaXB4UFMwS0VlTjhjSGZuS1E3RFg5bGhNb18wTDI4aEdKN3RtZzY3Qlp6U0VpNFBlUjVEcGE2cWdMMEc3bnZIWUc0REdhMWl2R1E3?oc=5\" target=\"_blank\" rel=\"nofollow noopener\">Karas Ukrainoje. Kyjivo atakoms Rusijoje padeda JAV ir Pranc\u016bzijos \u017evalgyb\u0173 informacija<\/a>&nbsp;&nbsp;LRT<\/li>\n<li><a href=\"https:\/\/news.google.com\/rss\/articles\/CBMixAFBVV95cUxQaFUzejY5RWdOQnkyWVJvdVgySWdobTdGLWg5Yl95NE90aEJNeVlxSlQydVNTRUp2dldaVWxISm5Tb09KZ3FFSTIzem8yVjRKM2s4YzBfYnFlMDh4aUxhRk5qTmpWdzdYWlFJdHZhOUZmZWo5U0pxZ28tb2k5dmowWGg3WnBCZGhJLXdmekxMSkJ5MFNEaGNZd1ZwZm53TlpDOUNZWGpTV1FMTW85Y3NYY1Rid3pDYk85cnJwQTdVWXhBeUtZ?oc=5\" target=\"_blank\" rel=\"nofollow noopener\">Slaptas Ukrainos atak\u0173 tikslas: sm\u016bgiais Rusijos gigantui taikosi \u012f bank\u0173 sistem\u0105<\/a>&nbsp;&nbsp;tv3.lt<\/li>\n<\/ol>\n","protected":false},"excerpt":{"rendered":"Siunt\u0173 nebus: i\u0161 Madiaro \u2013 \u201elink\u0117jimai\u201c rusams&nbsp;&nbsp;Delfi Rus\u0173 \u017eurnalistas: \u201eWildberries\u201c \u017einojo, k\u0105 darys ukrainie\u010diai&nbsp;&nbsp;Delfi JAV ir Pranc\u016bzija pad\u0117jo&hellip;\n","protected":false},"author":2,"featured_media":243716,"comment_status":"","ping_status":"","sticky":false,"template":"","format":"standard","meta":{"footnotes":"","_share_on_mastodon":"0"},"categories":[15],"tags":[25,30,31,34,35,24,121,32,33,37,39,36,38,40,23,22,44,28,29,26,27,35123,74,75,76],"class_list":["post-243715","post","type-post","status-publish","format-standard","has-post-thumbnail","category-pasaulis","tag-antrastes","tag-breaking-news","tag-breakingnews","tag-featured-news","tag-featurednews","tag-headlines","tag-karas-ukrainoje","tag-latest-news","tag-latestnews","tag-lietuva","tag-lietuviu","tag-lithuania","tag-lithuanian","tag-lt","tag-naujienos","tag-news","tag-pasaulis","tag-populiariausios-naujienos","tag-populiariausiosnaujienos","tag-top-stories","tag-topstories","tag-wildberries","tag-world","tag-world-news","tag-worldnews"],"share_on_mastodon":{"url":"https:\/\/pubeurope.com\/@lt\/117024141198099514","error":""},"_links":{"self":[{"href":"https:\/\/www.europesays.com\/lt\/wp-json\/wp\/v2\/posts\/243715","targetHints":{"allow":["GET"]}}],"collection":[{"href":"https:\/\/www.europesays.com\/lt\/wp-json\/wp\/v2\/posts"}],"about":[{"href":"https:\/\/www.europesays.com\/lt\/wp-json\/wp\/v2\/types\/post"}],"author":[{"embeddable":true,"href":"https:\/\/www.europesays.com\/lt\/wp-json\/wp\/v2\/users\/2"}],"replies":[{"embeddable":true,"href":"https:\/\/www.europesays.com\/lt\/wp-json\/wp\/v2\/comments?post=243715"}],"version-history":[{"count":0,"href":"https:\/\/www.europesays.com\/lt\/wp-json\/wp\/v2\/posts\/243715\/revisions"}],"wp:featuredmedia":[{"embeddable":true,"href":"https:\/\/www.europesays.com\/lt\/wp-json\/wp\/v2\/media\/243716"}],"wp:attachment":[{"href":"https:\/\/www.europesays.com\/lt\/wp-json\/wp\/v2\/media?parent=243715"}],"wp:term":[{"taxonomy":"category","embeddable":true,"href":"https:\/\/www.europesays.com\/lt\/wp-json\/wp\/v2\/categories?post=243715"},{"taxonomy":"post_tag","embeddable":true,"href":"https:\/\/www.europesays.com\/lt\/wp-json\/wp\/v2\/tags?post=243715"}],"curies":[{"name":"wp","href":"https:\/\/api.w.org\/{rel}","templated":true}]}}