{"id":243793,"date":"2026-08-02T07:28:16","date_gmt":"2026-08-02T07:28:16","guid":{"rendered":"https:\/\/www.europesays.com\/lt\/243793\/"},"modified":"2026-08-02T07:28:16","modified_gmt":"2026-08-02T07:28:16","slug":"utenos-trikotazo-pajamos-smuko-81-proc-pelna-pakeite-470-tukst-euru-nuostolis-2","status":"publish","type":"post","link":"https:\/\/www.europesays.com\/lt\/243793\/","title":{"rendered":"\u201eUtenos trikota\u017eo\u201c pajamos smuko 8,1 proc., peln\u0105 pakeit\u0117 470 t\u016bkst. eur\u0173 nuostolis"},"content":{"rendered":"<p>SBA grup\u0117s bendrov\u0117 \u201eUtenos trikota\u017eas\u201c per \u0161i\u0173 met\u0173 pirm\u0105j\u012f pusmet\u012f pardav\u0117 produkcijos ir suteik\u0117 paslaug\u0173 u\u017e 8 mln. eur\u0173, arba 8,1 proc. ma\u017eiau nei tuo pa\u010diu laikotarpiu pernai.\u00a0<\/p>\n<p>Kaip prane\u0161\u0117 bendrov\u0117, pirm\u0105 met\u0173 pusmet\u012f ji fiksavo 470 t\u016bkst. eur\u0173 gryn\u0105j\u012f nuostol\u012f, kai prie\u0161 metus buvo u\u017edirbusi 144 t\u016bkst. eur\u0173 grynojo pelno.<\/p>\n<p>Pasak \u201eUtenos trikota\u017eo\u201c generalin\u0117s direktor\u0117s Nomedos Kau\u010dikien\u0117s, antrasis met\u0173 ketvirtis sektoriuje b\u016bna l\u0117tesnis.<\/p>\n<p>\u201eAntras ketvirtis m\u016bs\u0173 sektoriuje tradici\u0161kai b\u016bna l\u0117tesnis \u2013 sezono pikas dar tik laukia. \u0160iemet prie \u012fprasto sezoni\u0161kumo prisid\u0117jo ir didesnis neapibr\u0117\u017etumas tarptautin\u0117se rinkose. Klientai atsargiau planuoja u\u017esakymus, o geopolitin\u0117 \u012ftampa ir energijos kain\u0173 svyravimai i\u0161lieka reik\u0161mingais verslo aplinkos veiksniais\u201c, \u2013 prane\u0161ime cituojama ji.<\/p>\n<p>Bendrov\u0117s teigimu, lyginant su pra\u0117jusiais metais, \u201eUtenos trikota\u017eo\u201c finansinius rodiklius veik\u0117 pasikeitusi grup\u0117s sud\u0117tis. 2025 m. ruden\u012f dukterinei siuvimo bendrovei \u201e\u0160atrija\u201c buvo i\u0161kelta bankroto byla, o met\u0173 pabaigoje \u2013 parduotas Ukrainoje veikusios \u201eMrijos\u201c kontrolinis akcij\u0173 paketas.<\/p>\n<p>Vertinant tik \u201eUtenos trikota\u017eo\u201c bendrov\u0117s rezultatus, pardavim\u0173 apimtys i\u0161liko artimos pra\u0117jusi\u0173 met\u0173 lygiui, o pagrindin\u0117se eksporto rinkose pardavimai augo \u2013 DACH regione (Vokietijoje, Austrijoje ir \u0160veicarijoje) jie did\u0117jo 17,9 proc., o Skandinavijoje \u2013 48,9 proc.<\/p>\n<p>\u201e\u0160io pusme\u010dio rezultat\u0105 l\u0117m\u0117 dvi konkre\u010dios prie\u017eastys \u2013 pernai buvusios vienkartin\u0117s pajamos i\u0161 turto pardavimo \u0161iemet nepasikartojo, o dal\u012f l\u0117\u0161\u0173 s\u0105moningai nukreip\u0117me \u012f pardavim\u0173 pl\u0117tr\u0105 ir preki\u0173 \u017eenklo \u201eUtenos\u201c vystym\u0105\u201c, \u2013 sako N. Kau\u010dikien\u0117.<\/p>\n<p>Tuo metu nuosavo preki\u0173 \u017eenklo \u201eUtenos\u201c pardavimai per pirm\u0105j\u012f pusmet\u012f i\u0161augo 26,6 proc., o atskirai per antr\u0105j\u012f ketvirt\u012f jie \u0161oktel\u0117jo 37,7 proc. \u012emon\u0117s teigimu, augim\u0105 l\u0117m\u0117 sustiprintas d\u0117mesys preki\u0173 \u017eenklo vystymui \u2013 prad\u0117tas asortimento atnaujinimas, aktyvesn\u0117 rinkodara ir \u012fsitvirtinusi tradicija bendradarbiauti su \u017einomais Lietuvos dizaineriais bei k\u016br\u0117jais.<\/p>\n<p>Kaip skelbia bendrov\u0117, Europos tekstil\u0117s ir aprangos sektori\u0173 veikia l\u0117t\u0117jantis ekonomikos augimas pagrindin\u0117se Europos valstyb\u0117se, i\u0161liekanti konkurencija i\u0161 Azijos, \u017ealiav\u0173 bei energijos kain\u0173 svyravimai ir geopolitin\u0117 \u012ftampa. Tokiomis s\u0105lygomis daugelis u\u017esakov\u0173 atsargiau planuoja gamybos apimtis ir atsargas.<\/p>\n<p>\t\t\t\t\t\t\t\t\t\t\t\t <img decoding=\"async\" src=\"https:\/\/www.europesays.com\/lt\/wp-content\/uploads\/2026\/08\/1785655696_54_elta.png\"\/><\/p>\n","protected":false},"excerpt":{"rendered":"SBA grup\u0117s bendrov\u0117 \u201eUtenos trikota\u017eas\u201c per \u0161i\u0173 met\u0173 pirm\u0105j\u012f pusmet\u012f pardav\u0117 produkcijos ir suteik\u0117 paslaug\u0173 u\u017e 8 mln.&hellip;\n","protected":false},"author":2,"featured_media":243794,"comment_status":"","ping_status":"","sticky":false,"template":"","format":"standard","meta":{"footnotes":"","_share_on_mastodon":"0"},"categories":[17],"tags":[81,37,39,36,38,40,422,46],"class_list":["post-243793","post","type-post","status-publish","format-standard","has-post-thumbnail","category-verslas","tag-business","tag-lietuva","tag-lietuviu","tag-lithuania","tag-lithuanian","tag-lt","tag-pajamos","tag-verslas"],"share_on_mastodon":{"url":"https:\/\/pubeurope.com\/@lt\/117024739365831252","error":""},"_links":{"self":[{"href":"https:\/\/www.europesays.com\/lt\/wp-json\/wp\/v2\/posts\/243793","targetHints":{"allow":["GET"]}}],"collection":[{"href":"https:\/\/www.europesays.com\/lt\/wp-json\/wp\/v2\/posts"}],"about":[{"href":"https:\/\/www.europesays.com\/lt\/wp-json\/wp\/v2\/types\/post"}],"author":[{"embeddable":true,"href":"https:\/\/www.europesays.com\/lt\/wp-json\/wp\/v2\/users\/2"}],"replies":[{"embeddable":true,"href":"https:\/\/www.europesays.com\/lt\/wp-json\/wp\/v2\/comments?post=243793"}],"version-history":[{"count":0,"href":"https:\/\/www.europesays.com\/lt\/wp-json\/wp\/v2\/posts\/243793\/revisions"}],"wp:featuredmedia":[{"embeddable":true,"href":"https:\/\/www.europesays.com\/lt\/wp-json\/wp\/v2\/media\/243794"}],"wp:attachment":[{"href":"https:\/\/www.europesays.com\/lt\/wp-json\/wp\/v2\/media?parent=243793"}],"wp:term":[{"taxonomy":"category","embeddable":true,"href":"https:\/\/www.europesays.com\/lt\/wp-json\/wp\/v2\/categories?post=243793"},{"taxonomy":"post_tag","embeddable":true,"href":"https:\/\/www.europesays.com\/lt\/wp-json\/wp\/v2\/tags?post=243793"}],"curies":[{"name":"wp","href":"https:\/\/api.w.org\/{rel}","templated":true}]}}