{"id":243815,"date":"2026-08-02T07:52:06","date_gmt":"2026-08-02T07:52:06","guid":{"rendered":"https:\/\/www.europesays.com\/lt\/243815\/"},"modified":"2026-08-02T07:52:06","modified_gmt":"2026-08-02T07:52:06","slug":"rizikingas-hezonja-sprendimas-i-nba-grizta-be-garantiju","status":"publish","type":"post","link":"https:\/\/www.europesays.com\/lt\/243815\/","title":{"rendered":"Rizikingas Hezonja sprendimas: \u012f NBA gr\u012f\u017eta be garantij\u0173"},"content":{"rendered":"<p>\u0160e\u0161tadien\u012f NBA ap\u017evalgininkas Michaelas Scotto skelb\u0117, jog pra\u0117jusiame sezone naudingiausiu Ispanijos ACB lygos \u017eaid\u0117ju tap\u0119s M. Hezonja su Klivlando \u201eCavaliers\u201c pasira\u0161\u0117 negarantuot\u0105 vieneri\u0173 met\u0173 kontrakt\u0105, kurio vert\u0117 \u2013 2,8 mln. JAV doleri\u0173.<\/p>\n<p>Sutartis taps garantuota tuo atveju, jei 31-eri\u0173 kroatas po lapkri\u010dio 15 d. liks Klivlando klubo sud\u0117tyje ir nebus atleistas. Visgi \u201eCavaliers\u201c mato j\u012f kaip svarb\u0173 puol\u0117j\u0105, galint\u012f reguliariai patekti \u012f rotacij\u0105 ir suteikti komandai daugiau gylio priekin\u0117je linijoje.<\/p>\n<p>M. Hezonja su Madrido ekipa tur\u0117jo iki 2029 m. galiojusi\u0105 sutart\u012f, pagal kuri\u0105 b\u016bt\u0173 u\u017edirb\u0119s daugiau nei u\u017e Atlanto. Vis d\u0117lto jo kontrakte buvo numatyta galimyb\u0117 u\u017e i\u0161pirk\u0105 persikelti \u012f NBA \u2013 \u201eReal\u201c d\u0117l to sulauks 850 t\u016bkst. JAV doleri\u0173 kompensacijos.<\/p>\n<p>Ispanijos sostin\u0117je krep\u0161ininkas rungtyniavo 2022-2026 m., o 2023 m. Kaune tapo Eurolygos \u010dempionu. Pra\u0117jus\u012f sezon\u0105 jis per 23 minutes vid. fiksavo 13,3 ta\u0161ko, 4 atkovot\u0173 kamuoli\u0173, 2,4 rezultatyvaus perdavimo bei 12,4 naudingumo balo staistik\u0105.<\/p>\n<p>2015 m. NBA naujok\u0173 bir\u017eoje M. Hezonja buvo pasirinktas penktuoju \u0161aukimu, o stipriausioje planetos lygoje rungtyniavo iki 2020 m. \u2013 su\u017eaid\u0117 330 ma\u010d\u0173 ir vilk\u0117jo Orlando \u201eMagic\u201c, Niujorko \u201eKnicks\u201c bei Portlando \u201eTrail Blazers\u201c komand\u0173 mar\u0161kin\u0117lius.<\/p>\n","protected":false},"excerpt":{"rendered":"\u0160e\u0161tadien\u012f NBA ap\u017evalgininkas Michaelas Scotto skelb\u0117, jog pra\u0117jusiame sezone naudingiausiu Ispanijos ACB lygos \u017eaid\u0117ju tap\u0119s M. Hezonja su&hellip;\n","protected":false},"author":2,"featured_media":243816,"comment_status":"","ping_status":"","sticky":false,"template":"","format":"standard","meta":{"footnotes":"","_share_on_mastodon":"0"},"categories":[19],"tags":[309,5085,37,39,36,38,40,3659,21953,310,47,104],"class_list":["post-243815","post","type-post","status-publish","format-standard","has-post-thumbnail","category-sportas","tag-eurolyga","tag-klivlando-cavaliers","tag-lietuva","tag-lietuviu","tag-lithuania","tag-lithuanian","tag-lt","tag-madrido-real","tag-mario-hezonja","tag-nba","tag-sportas","tag-sports"],"share_on_mastodon":{"url":"https:\/\/pubeurope.com\/@lt\/117024833300311306","error":""},"_links":{"self":[{"href":"https:\/\/www.europesays.com\/lt\/wp-json\/wp\/v2\/posts\/243815","targetHints":{"allow":["GET"]}}],"collection":[{"href":"https:\/\/www.europesays.com\/lt\/wp-json\/wp\/v2\/posts"}],"about":[{"href":"https:\/\/www.europesays.com\/lt\/wp-json\/wp\/v2\/types\/post"}],"author":[{"embeddable":true,"href":"https:\/\/www.europesays.com\/lt\/wp-json\/wp\/v2\/users\/2"}],"replies":[{"embeddable":true,"href":"https:\/\/www.europesays.com\/lt\/wp-json\/wp\/v2\/comments?post=243815"}],"version-history":[{"count":0,"href":"https:\/\/www.europesays.com\/lt\/wp-json\/wp\/v2\/posts\/243815\/revisions"}],"wp:featuredmedia":[{"embeddable":true,"href":"https:\/\/www.europesays.com\/lt\/wp-json\/wp\/v2\/media\/243816"}],"wp:attachment":[{"href":"https:\/\/www.europesays.com\/lt\/wp-json\/wp\/v2\/media?parent=243815"}],"wp:term":[{"taxonomy":"category","embeddable":true,"href":"https:\/\/www.europesays.com\/lt\/wp-json\/wp\/v2\/categories?post=243815"},{"taxonomy":"post_tag","embeddable":true,"href":"https:\/\/www.europesays.com\/lt\/wp-json\/wp\/v2\/tags?post=243815"}],"curies":[{"name":"wp","href":"https:\/\/api.w.org\/{rel}","templated":true}]}}