{"id":24396,"date":"2025-10-24T10:08:08","date_gmt":"2025-10-24T10:08:08","guid":{"rendered":"https:\/\/www.europesays.com\/lt\/24396\/"},"modified":"2025-10-24T10:08:08","modified_gmt":"2025-10-24T10:08:08","slug":"stai-kiek-kitamet-augs-pensijos","status":"publish","type":"post","link":"https:\/\/www.europesays.com\/lt\/24396\/","title":{"rendered":"\u0160tai kiek kit\u0105met augs pensijos"},"content":{"rendered":"<p>Numatoma, kad 2026 m. \u00a0vidutin\u0117 senatv\u0117s pensija sudarys 47,3 proc. vidutinio darbo u\u017emokes\u010dio \u201e\u012f rankas\u201c, o vidutin\u0117 senatv\u0117s pensija, turintiems b\u016btin\u0105j\u012f sta\u017e\u0105, \u2013 51,1 proc. vidutinio darbo u\u017emokes\u010dio \u201e\u012f rankas\u201c.<\/p>\n<p>Tuo metu vieni\u0161o asmens i\u0161moka ir socialinio draudimo na\u0161li\u0173 pensijos bazinis dydis kitais metais pasieks 46,46 euro (\u0161iemet \u2013 42,29 euro).<\/p>\n<p>\u201eDvide\u0161imtoji Vyriausyb\u0117 savo programoje yra numa\u010diusi spartinti senatv\u0117s pensij\u0173 didinim\u0105 ir nustatyti socialiai priimtin\u0105 balans\u0105 tarp Socialinio draudimo rezervinio fondo pervir\u0161io dalies panaudojimo ir pensij\u0173 didinimo. Sieksime, kad \u0161ios nuostatos b\u016bt\u0173 \u012fgyvendintos\u201c, \u2013 prane\u0161ime teig\u0117 ministr\u0117 J\u016brat\u0117 Zailskien\u0117.<\/p>\n<p>Prognozuojama, kad kitais metais vidutinis \u0161alies darbo u\u017emokestis augs 7,3 proc., o vidutin\u0117 metin\u0117 infliacija sieks 3,2 proc.<\/p>\n<p>2025 m. rugpj\u016b\u010dio m\u0117nesio duomenimis Lietuvoje buvo apie 632 t\u016bkst. senatv\u0117s pensijos gav\u0117j\u0173 ir apie 8 t\u016bkst. i\u0161ankstin\u0117s senatv\u0117s pensijos gav\u0117j\u0173, vidutin\u0117 senatv\u0117s pensija siekia beveik 670 eur\u0173, o vidutin\u0117 senatv\u0117s pensija su b\u016btinuoju sta\u017eu siekia 720 eur\u0173.<\/p>\n<p>Pensij\u0173 indeksavimo dyd\u017eiams dar turi pritarti Vyriausyb\u0117 ir Seimas.<\/p>\n","protected":false},"excerpt":{"rendered":"Numatoma, kad 2026 m. \u00a0vidutin\u0117 senatv\u0117s pensija sudarys 47,3 proc. vidutinio darbo u\u017emokes\u010dio \u201e\u012f rankas\u201c, o vidutin\u0117 senatv\u0117s&hellip;\n","protected":false},"author":2,"featured_media":11917,"comment_status":"","ping_status":"","sticky":false,"template":"","format":"standard","meta":{"footnotes":""},"categories":[6],"tags":[25,30,31,34,35,24,32,33,37,39,36,38,40,23,22,28,29,26,27],"class_list":{"0":"post-24396","1":"post","2":"type-post","3":"status-publish","4":"format-standard","5":"has-post-thumbnail","7":"category-antrastes","8":"tag-antrastes","9":"tag-breaking-news","10":"tag-breakingnews","11":"tag-featured-news","12":"tag-featurednews","13":"tag-headlines","14":"tag-latest-news","15":"tag-latestnews","16":"tag-lietuva","17":"tag-lietuviu","18":"tag-lithuania","19":"tag-lithuanian","20":"tag-lt","21":"tag-naujienos","22":"tag-news","23":"tag-populiariausios-naujienos","24":"tag-populiariausiosnaujienos","25":"tag-top-stories","26":"tag-topstories"},"share_on_mastodon":{"url":"https:\/\/pubeurope.com\/@lt\/115428596373111187","error":""},"_links":{"self":[{"href":"https:\/\/www.europesays.com\/lt\/wp-json\/wp\/v2\/posts\/24396","targetHints":{"allow":["GET"]}}],"collection":[{"href":"https:\/\/www.europesays.com\/lt\/wp-json\/wp\/v2\/posts"}],"about":[{"href":"https:\/\/www.europesays.com\/lt\/wp-json\/wp\/v2\/types\/post"}],"author":[{"embeddable":true,"href":"https:\/\/www.europesays.com\/lt\/wp-json\/wp\/v2\/users\/2"}],"replies":[{"embeddable":true,"href":"https:\/\/www.europesays.com\/lt\/wp-json\/wp\/v2\/comments?post=24396"}],"version-history":[{"count":0,"href":"https:\/\/www.europesays.com\/lt\/wp-json\/wp\/v2\/posts\/24396\/revisions"}],"wp:featuredmedia":[{"embeddable":true,"href":"https:\/\/www.europesays.com\/lt\/wp-json\/wp\/v2\/media\/11917"}],"wp:attachment":[{"href":"https:\/\/www.europesays.com\/lt\/wp-json\/wp\/v2\/media?parent=24396"}],"wp:term":[{"taxonomy":"category","embeddable":true,"href":"https:\/\/www.europesays.com\/lt\/wp-json\/wp\/v2\/categories?post=24396"},{"taxonomy":"post_tag","embeddable":true,"href":"https:\/\/www.europesays.com\/lt\/wp-json\/wp\/v2\/tags?post=24396"}],"curies":[{"name":"wp","href":"https:\/\/api.w.org\/{rel}","templated":true}]}}