{"id":244071,"date":"2026-08-02T13:26:49","date_gmt":"2026-08-02T13:26:49","guid":{"rendered":"https:\/\/www.europesays.com\/lt\/244071\/"},"modified":"2026-08-02T13:26:49","modified_gmt":"2026-08-02T13:26:49","slug":"circle-k-nori-pirkti-lenkijos-zabka-tinkla","status":"publish","type":"post","link":"https:\/\/www.europesays.com\/lt\/244071\/","title":{"rendered":"\u201eCircle K\u201c nori pirkti Lenkijos \u201e\u017dabka\u201c tinkl\u0105"},"content":{"rendered":"<p class=\"wp-block-paragraph\">Kanados ma\u017emenin\u0117s prekybos bendrov\u0117 \u201eAlimentation Couche-Tard\u201c, kuriai, be kita ko, priklauso degalini\u0173 tinklas \u201eCircle K\u201c, paskelb\u0117 pateikusi daugiau nei 8 mlrd. <a style=\"font-weight:bold;\" href=\"https:\/\/madeinvilnius.lt\/tema\/jav\/\" target=\"_blank\" rel=\"nofollow noopener\">JAV<\/a> doleri\u0173 vert\u0117s pasi\u016blym\u0105 \u012fsigyti visas Lenkijos ma\u017emenin\u0117s prekybos tinklo \u201e\u017dabka\u201c akcijas.<\/p>\n<p class=\"wp-block-paragraph\">Kanados bendrov\u0117 penktadien\u012f prane\u0161\u0117 pasiekusi susitarim\u0105 su \u201e\u017dabka\u201c vadovais d\u0117l visos \u201e\u017dabka\u201c grup\u0117s ir jos daugiau nei 13 000 parduotuvi\u0173 <a style=\"font-weight:bold;\" href=\"https:\/\/madeinvilnius.lt\/tema\/lenkija\/\" target=\"_blank\" rel=\"nofollow noopener\">Lenkijoje<\/a> bei Rumunijoje \u012fsigijimo, skelbia Lenkijos visuomeninis transliuotojas TVP.<\/p>\n<p class=\"wp-block-paragraph\">\u201eAlimentation Couche-Tard\u201c teig\u0117, kad \u0161is sandoris bus \u201edid\u017eiausias \u012fsigijimas \u201eCouche-Tard\u201c istorijoje\u201c, kurio kaina sieks apie 32,62 mlrd. zlot\u0173, o tai prilygsta 8,7 mlrd. JAV doleri\u0173 (7,5 mlrd. eur\u0173).<\/p>\n<p class=\"wp-block-paragraph\">Kiek anks\u010diau buvo skelbta, kad Japonijos ma\u017emenin\u0117s prekybos mil\u017ein\u0117 \u201eSeven &amp; i Holdings\u201c pasitrauk\u0117 i\u0161 deryb\u0173 d\u0117l \u201e\u017babka\u201c akcij\u0173 paketo \u012fsigijimo, teigdama, kad nepavyko pasiekti palankaus susitarimo.<\/p>\n<p class=\"wp-block-paragraph\">Kanados mil\u017ein\u0117 apib\u016bdino \u201e\u017dabk\u0105\u201c kaip turin\u010di\u0105 \u201evien\u0105 i\u0161 pa\u017eangiausi\u0173 ma\u017emenin\u0117s prekybos platform\u0173 Europoje, geriausi\u0105 savo klas\u0117je lojalumo program\u0105 ir augant\u012f skaitmenini\u0173, elektronin\u0117s prekybos bei maitinimo paslaug\u0173 versl\u0173 portfel\u012f\u201c.<\/p>\n<p class=\"wp-block-paragraph\">\u201eAlimentation Couche-Tard\u201c teig\u0117, kad sandoris sustiprins jos pozicijas Vidurio ir Ryt\u0173 Europoje, papildydamas beveik 400 \u201eCircle K\u201c degalini\u0173 tinkl\u0105 Lenkijoje.<\/p>\n<p class=\"wp-block-paragraph\">\u201e\u017dabka\u201c strategijos ir pl\u0117tros direktorius Tomaszas Blicharskis (Toma\u0161as Blicharskis) teig\u0117, kad \u0161is sandoris \u201e\u017eymi visi\u0161kai naujo ir \u012fdomaus etapo prad\u017ei\u0105 \u201e\u017dabka\u201c grupei\u201c.<\/p>\n<p class=\"wp-block-paragraph\">Sandor\u012f dar turi patvirtinti Lenkijos, ES ir kiti atitinkami reguliavimo organai, ta\u010diau \u201eAlimentation Couche-Tard\u201c ir \u201e\u017dabka\u201c teig\u0117, kad tikisi j\u012f u\u017ebaigti iki gruod\u017eio.<\/p>\n<p> <a href=\"https:\/\/google.com\/preferences\/source?q=madeinvilnius.lt\" target=\"_blank\" rel=\"noopener nofollow\" onclick=\"if (!window.__cfRLUnblockHandlers) return false; if(window.gtag){gtag(&#039;event&#039;,&#039;preferred_source_click&#039;,{event_category:&#039;engagement&#039;,event_label:&#039;article_footer&#039;});}\" style=\"display:flex;align-items:center;gap:16px;width:100%;box-sizing:border-box;margin:2.5rem 0 1rem;padding:20px 24px;border:1px solid #e8e6e1;border-radius:14px;background:#fff;text-decoration:none !important;box-shadow:none !important;color:#1a1a1a;\" data-cf-modified-c33486fd70adbd14d015280e-=\"\">       Skaitykite mus pirmiau \u201eGoogle\u201d Prid\u0117kite madeinvilnius.lt kaip pageidaujam\u0105 \u0161altin\u012f  \u2192 <\/a><\/p>\n","protected":false},"excerpt":{"rendered":"Kanados ma\u017emenin\u0117s prekybos bendrov\u0117 \u201eAlimentation Couche-Tard\u201c, kuriai, be kita ko, priklauso degalini\u0173 tinklas \u201eCircle K\u201c, paskelb\u0117 pateikusi daugiau&hellip;\n","protected":false},"author":2,"featured_media":244072,"comment_status":"","ping_status":"","sticky":false,"template":"","format":"standard","meta":{"footnotes":"","_share_on_mastodon":"0"},"categories":[17],"tags":[81,9780,37,39,36,38,40,65,46],"class_list":["post-244071","post","type-post","status-publish","format-standard","has-post-thumbnail","category-verslas","tag-business","tag-circle-k","tag-lietuva","tag-lietuviu","tag-lithuania","tag-lithuanian","tag-lt","tag-naujiena","tag-verslas"],"share_on_mastodon":{"url":"https:\/\/pubeurope.com\/@lt\/117026150376953807","error":""},"_links":{"self":[{"href":"https:\/\/www.europesays.com\/lt\/wp-json\/wp\/v2\/posts\/244071","targetHints":{"allow":["GET"]}}],"collection":[{"href":"https:\/\/www.europesays.com\/lt\/wp-json\/wp\/v2\/posts"}],"about":[{"href":"https:\/\/www.europesays.com\/lt\/wp-json\/wp\/v2\/types\/post"}],"author":[{"embeddable":true,"href":"https:\/\/www.europesays.com\/lt\/wp-json\/wp\/v2\/users\/2"}],"replies":[{"embeddable":true,"href":"https:\/\/www.europesays.com\/lt\/wp-json\/wp\/v2\/comments?post=244071"}],"version-history":[{"count":0,"href":"https:\/\/www.europesays.com\/lt\/wp-json\/wp\/v2\/posts\/244071\/revisions"}],"wp:featuredmedia":[{"embeddable":true,"href":"https:\/\/www.europesays.com\/lt\/wp-json\/wp\/v2\/media\/244072"}],"wp:attachment":[{"href":"https:\/\/www.europesays.com\/lt\/wp-json\/wp\/v2\/media?parent=244071"}],"wp:term":[{"taxonomy":"category","embeddable":true,"href":"https:\/\/www.europesays.com\/lt\/wp-json\/wp\/v2\/categories?post=244071"},{"taxonomy":"post_tag","embeddable":true,"href":"https:\/\/www.europesays.com\/lt\/wp-json\/wp\/v2\/tags?post=244071"}],"curies":[{"name":"wp","href":"https:\/\/api.w.org\/{rel}","templated":true}]}}