{"id":24411,"date":"2025-10-24T10:23:09","date_gmt":"2025-10-24T10:23:09","guid":{"rendered":"https:\/\/www.europesays.com\/lt\/24411\/"},"modified":"2025-10-24T10:23:09","modified_gmt":"2025-10-24T10:23:09","slug":"kiek-metu-naudoti-automobiliai-yra-dar-visiskai-geri","status":"publish","type":"post","link":"https:\/\/www.europesays.com\/lt\/24411\/","title":{"rendered":"Kiek met\u0173 naudoti automobiliai yra dar visi\u0161kai geri?"},"content":{"rendered":"<p>Ne vienas esame susid\u016br\u0119 su situacija, kai visu savo k\u016bnu jau\u010diame, kad pats metas eiti atostog\u0173. O gal tiesiog at\u0117jo laikas atnaujinti savo buitin\u0119 \u012frang\u0105? Gal\u0173 gale, kartais tiesiog taip norisi pasilepinti \u2013 pavyzd\u017eiui, \u012fsigyti nauj\u0105 laikrod\u012f. Deja, tada neretai tenka \u017evilgtel\u0117ti \u012f savo banko s\u0105skait\u0105, per\u017ei\u016br\u0117ti planus, finansinius \u012fsipareigojimus ir suvokti, kad m\u016bs\u0173 biud\u017eeto galimyb\u0117s yra gana ribotos. Nepatogu, nemalonu ir\u2026 taip apriboja. Ta\u010diau nieko ne\u012fprasto. J\u016bs tokie ne vieni! Elementariausia ekonomikos taisykl\u0117 \u2013 m\u016bs\u0173 norams rib\u0173 n\u0117ra, o biud\u017eetas, deja, visada ribotas.<\/p>\n<p>\t\tLietuva\u00a0|\u00a06 MIN.<br \/>\n\t\t<img decoding=\"async\" src=\"https:\/\/www.etaplius.lt\/aktualu\/gatve\/kiek-metu-naudoti-automobiliai-yra-dar-visiskai-geri\/images\/social\/svg\/komentarai.svg\"\/> 0<\/p>\n<p>\u0160alies tarnybos neturi duomen\u0173, \u012frodan\u010di\u0173, kad \u0161i\u0105 savait\u0119 vyk\u0119s masinis meteorologini\u0173 kontrabandini\u0173 oro balion\u0173 antpl\u016bdis \u012f Lietuv\u0105 buvo inicijuotas Minsko re\u017eimo, sako Nacionalinio krizi\u0173 valdymo centro (NKVC) vadovas Vilmantas Vitkauskas. Ta\u010diau, pasak jo, tai dar nerei\u0161kia, kad taip n\u0117ra.<\/p>\n<p>\t\tLietuva\u00a0|\u00a016 MIN.<br \/>\n\t\t<img decoding=\"async\" src=\"https:\/\/www.etaplius.lt\/aktualu\/gatve\/kiek-metu-naudoti-automobiliai-yra-dar-visiskai-geri\/images\/social\/svg\/komentarai.svg\"\/> 0<\/p>\n","protected":false},"excerpt":{"rendered":"Ne vienas esame susid\u016br\u0119 su situacija, kai visu savo k\u016bnu jau\u010diame, kad pats metas eiti atostog\u0173. O gal&hellip;\n","protected":false},"author":2,"featured_media":24412,"comment_status":"","ping_status":"","sticky":false,"template":"","format":"standard","meta":{"footnotes":""},"categories":[17],"tags":[81,37,39,36,38,40,46],"class_list":{"0":"post-24411","1":"post","2":"type-post","3":"status-publish","4":"format-standard","5":"has-post-thumbnail","7":"category-verslas","8":"tag-business","9":"tag-lietuva","10":"tag-lietuviu","11":"tag-lithuania","12":"tag-lithuanian","13":"tag-lt","14":"tag-verslas"},"share_on_mastodon":{"url":"https:\/\/pubeurope.com\/@lt\/115428655343258088","error":""},"_links":{"self":[{"href":"https:\/\/www.europesays.com\/lt\/wp-json\/wp\/v2\/posts\/24411","targetHints":{"allow":["GET"]}}],"collection":[{"href":"https:\/\/www.europesays.com\/lt\/wp-json\/wp\/v2\/posts"}],"about":[{"href":"https:\/\/www.europesays.com\/lt\/wp-json\/wp\/v2\/types\/post"}],"author":[{"embeddable":true,"href":"https:\/\/www.europesays.com\/lt\/wp-json\/wp\/v2\/users\/2"}],"replies":[{"embeddable":true,"href":"https:\/\/www.europesays.com\/lt\/wp-json\/wp\/v2\/comments?post=24411"}],"version-history":[{"count":0,"href":"https:\/\/www.europesays.com\/lt\/wp-json\/wp\/v2\/posts\/24411\/revisions"}],"wp:featuredmedia":[{"embeddable":true,"href":"https:\/\/www.europesays.com\/lt\/wp-json\/wp\/v2\/media\/24412"}],"wp:attachment":[{"href":"https:\/\/www.europesays.com\/lt\/wp-json\/wp\/v2\/media?parent=24411"}],"wp:term":[{"taxonomy":"category","embeddable":true,"href":"https:\/\/www.europesays.com\/lt\/wp-json\/wp\/v2\/categories?post=24411"},{"taxonomy":"post_tag","embeddable":true,"href":"https:\/\/www.europesays.com\/lt\/wp-json\/wp\/v2\/tags?post=24411"}],"curies":[{"name":"wp","href":"https:\/\/api.w.org\/{rel}","templated":true}]}}