{"id":244357,"date":"2026-08-02T22:19:12","date_gmt":"2026-08-02T22:19:12","guid":{"rendered":"https:\/\/www.europesays.com\/lt\/244357\/"},"modified":"2026-08-02T22:19:12","modified_gmt":"2026-08-02T22:19:12","slug":"su-saru-atsisveikines-zagaras-pasirinko-netiketa-komanda","status":"publish","type":"post","link":"https:\/\/www.europesays.com\/lt\/244357\/","title":{"rendered":"Su \u0160aru atsisveikin\u0119s \u017dagaras pasirinko netik\u0117t\u0105 komand\u0105"},"content":{"rendered":"<p>Oficialiai prane\u0161ta, kad 26-eri\u0173 krep\u0161ininkas keliasi rungtyniauti \u012f Kinij\u0105, kur apsivilks D\u017eedziango \u201eGolden Bulls\u201c mar\u0161kin\u0117lius.<\/p>\n<p>A. \u017dagaras tur\u0117jo galimyb\u0119 \u017eaisti tiek Eurolygoje, tiek Europos taur\u0117je, bet atsisak\u0117 pasi\u016blym\u0173 ir kiek netik\u0117tai pasirinko Azij\u0105.<\/p>\n<p>Pra\u0117jus\u012f sezon\u0105 Eurolygoje gyn\u0117jas pasirod\u0117 vos 5 rungtyn\u0117se, kuriose rinko po 3,4 ta\u0161ko ir po 1,6 rezultatyvaus perdavimo. <\/p>\n<p>Turkijos lygoje jo vidurkiai per 17 ma\u010d\u0173 ir 14 minu\u010di\u0173 siek\u0117 7,3 ta\u0161ko, 2,4 rezultatyvaus perdavimo bei 6,4 naudingumo balo.<\/p>\n<p>\u0160aro aukl\u0117tiniu A. \u017dagaras tapo 2023 m., kuomet pasira\u0161\u0117 ilgalaik\u012f kontrakt\u0105 po s\u0117kmingo pasirodymo pasaulio \u010dempionate.<\/p>\n<p>2023-2024 m. sezone jis buvo paskolintas Vilniaus \u201eWolves\u201c, bet labai anksti patyr\u0117 sunki\u0105 traum\u0105 ir kur\u012f laik\u0105 nerungtyniavo.<\/p>\n<p>Lietuvos krep\u0161inio lygoje Latvijos rinktin\u0117s narys taip pat \u017eaid\u0117 K\u0117daini\u0173 \u201eNev\u0117\u017eyje\u201c, kuriame praleido 2022-2023 m. sezon\u0105.<\/p>\n<p>A. \u017dagaras su \u201eFenerbah\u010de\u201c 2025 m. tapo Eurolygos \u010dempionu, taip pat po du kartus i\u0161kovo Turkijos lygos bei taur\u0117s titulus.<\/p>\n<p>Visgi d\u0117l traum\u0173 jo vaidmuo buvo ribotas: per dvejus metus Eurolygoje gyn\u0117jas su\u017eaid\u0117 27, o Turkijos lygoje \u2013 32 rungtynes.<\/p>\n<p>    <img decoding=\"async\" src=\"https:\/\/www.europesays.com\/lt\/wp-content\/uploads\/2026\/08\/056b9eb8-447d-4406-a010-71551c4bfb76.jpg\" loading=\"lazy\" alt=\"Art\u016bras \u017dagaras\"\/>         <\/p>\n","protected":false},"excerpt":{"rendered":"Oficialiai prane\u0161ta, kad 26-eri\u0173 krep\u0161ininkas keliasi rungtyniauti \u012f Kinij\u0105, kur apsivilks D\u017eedziango \u201eGolden Bulls\u201c mar\u0161kin\u0117lius. A. \u017dagaras tur\u0117jo&hellip;\n","protected":false},"author":2,"featured_media":244358,"comment_status":"","ping_status":"","sticky":false,"template":"","format":"standard","meta":{"footnotes":"","_share_on_mastodon":"0"},"categories":[19],"tags":[2905,309,852,3350,37,39,36,38,327,40,311,47,104,313,4290],"class_list":["post-244357","post","type-post","status-publish","format-standard","has-post-thumbnail","category-sportas","tag-arturas-zagaras","tag-eurolyga","tag-kedainiu-nevezis","tag-latvijos-krepsinio-rinktine","tag-lietuva","tag-lietuviu","tag-lithuania","tag-lithuanian","tag-lkl","tag-lt","tag-sarunas-jasikevicius","tag-sportas","tag-sports","tag-stambulo-fenerbahce","tag-vilniaus-wolves"],"share_on_mastodon":{"url":"https:\/\/pubeurope.com\/@lt\/117028242909407061","error":""},"_links":{"self":[{"href":"https:\/\/www.europesays.com\/lt\/wp-json\/wp\/v2\/posts\/244357","targetHints":{"allow":["GET"]}}],"collection":[{"href":"https:\/\/www.europesays.com\/lt\/wp-json\/wp\/v2\/posts"}],"about":[{"href":"https:\/\/www.europesays.com\/lt\/wp-json\/wp\/v2\/types\/post"}],"author":[{"embeddable":true,"href":"https:\/\/www.europesays.com\/lt\/wp-json\/wp\/v2\/users\/2"}],"replies":[{"embeddable":true,"href":"https:\/\/www.europesays.com\/lt\/wp-json\/wp\/v2\/comments?post=244357"}],"version-history":[{"count":0,"href":"https:\/\/www.europesays.com\/lt\/wp-json\/wp\/v2\/posts\/244357\/revisions"}],"wp:featuredmedia":[{"embeddable":true,"href":"https:\/\/www.europesays.com\/lt\/wp-json\/wp\/v2\/media\/244358"}],"wp:attachment":[{"href":"https:\/\/www.europesays.com\/lt\/wp-json\/wp\/v2\/media?parent=244357"}],"wp:term":[{"taxonomy":"category","embeddable":true,"href":"https:\/\/www.europesays.com\/lt\/wp-json\/wp\/v2\/categories?post=244357"},{"taxonomy":"post_tag","embeddable":true,"href":"https:\/\/www.europesays.com\/lt\/wp-json\/wp\/v2\/tags?post=244357"}],"curies":[{"name":"wp","href":"https:\/\/api.w.org\/{rel}","templated":true}]}}