{"id":244397,"date":"2026-08-03T03:49:18","date_gmt":"2026-08-03T03:49:18","guid":{"rendered":"https:\/\/www.europesays.com\/lt\/244397\/"},"modified":"2026-08-03T03:49:18","modified_gmt":"2026-08-03T03:49:18","slug":"kas-po-nausedos-uzkulisiuose-pavardes-ir-scenarijai","status":"publish","type":"post","link":"https:\/\/www.europesays.com\/lt\/244397\/","title":{"rendered":"Kas po Naus\u0117dos? U\u017ekulisiuose \u2013 pavard\u0117s ir scenarijai"},"content":{"rendered":"<p>  <img decoding=\"async\" src=\"https:\/\/www.europesays.com\/lt\/wp-content\/uploads\/2026\/08\/3520c0a0-0c20-4101-bdf1-e288a103ec5c.jpg\" loading=\"eager\" fetchpriority=\"high\" alt=\"Prezidentas Gitanas Naus\u0117da\"\/> <\/p>\n<p>Prezidentas Gitanas Naus\u0117da<\/p>\n<p>FOTO:  Delfi <\/p>\n<p>Toki\u0173 intriguojan\u010di\u0173 prezidento rinkim\u0173, kokie laukia Lietuvos, dar nebuvo. Kaip jie atrodys ir kas dalyvaus \u2013 tai politiniuose u\u017ekulisiuose itin da\u017ena tema. Ir nors pasiskelbusi\u0173 kandidat\u0173 dar n\u0117ra, neformaliuose politik\u0173 ar su politika susijusi\u0173 asmen\u0173 pokalbiuose galima i\u0161girsti ne tik pavardes, bet ir strategijas, kuri\u0173 bus imamasi, siekiant prezidento poste pakeisti Gitan\u0105 Naus\u0117d\u0105.<\/p>\n","protected":false},"excerpt":{"rendered":"Prezidentas Gitanas Naus\u0117da FOTO: Delfi Toki\u0173 intriguojan\u010di\u0173 prezidento rinkim\u0173, kokie laukia Lietuvos, dar nebuvo. Kaip jie atrodys ir&hellip;\n","protected":false},"author":2,"featured_media":244398,"comment_status":"","ping_status":"","sticky":false,"template":"","format":"standard","meta":{"footnotes":"","_share_on_mastodon":"0"},"categories":[13],"tags":[882,25,30,31,34,35,67,24,2970,32,33,37,39,36,38,40,23,22,28,29,68,26,27,1055,342,4451],"class_list":["post-244397","post","type-post","status-publish","format-standard","has-post-thumbnail","category-lietuva","tag-andrius-tapinas","tag-antrastes","tag-breaking-news","tag-breakingnews","tag-featured-news","tag-featurednews","tag-gitanas-nauseda","tag-headlines","tag-ingrida-simonyte","tag-latest-news","tag-latestnews","tag-lietuva","tag-lietuviu","tag-lithuania","tag-lithuanian","tag-lt","tag-naujienos","tag-news","tag-populiariausios-naujienos","tag-populiariausiosnaujienos","tag-remigijus-zemaitaitis","tag-top-stories","tag-topstories","tag-valdas-adamkus","tag-viktorija-cmilyte-nielsen","tag-vytautas-sinica"],"share_on_mastodon":{"url":"https:\/\/pubeurope.com\/@lt\/117029540187101659","error":""},"_links":{"self":[{"href":"https:\/\/www.europesays.com\/lt\/wp-json\/wp\/v2\/posts\/244397","targetHints":{"allow":["GET"]}}],"collection":[{"href":"https:\/\/www.europesays.com\/lt\/wp-json\/wp\/v2\/posts"}],"about":[{"href":"https:\/\/www.europesays.com\/lt\/wp-json\/wp\/v2\/types\/post"}],"author":[{"embeddable":true,"href":"https:\/\/www.europesays.com\/lt\/wp-json\/wp\/v2\/users\/2"}],"replies":[{"embeddable":true,"href":"https:\/\/www.europesays.com\/lt\/wp-json\/wp\/v2\/comments?post=244397"}],"version-history":[{"count":0,"href":"https:\/\/www.europesays.com\/lt\/wp-json\/wp\/v2\/posts\/244397\/revisions"}],"wp:featuredmedia":[{"embeddable":true,"href":"https:\/\/www.europesays.com\/lt\/wp-json\/wp\/v2\/media\/244398"}],"wp:attachment":[{"href":"https:\/\/www.europesays.com\/lt\/wp-json\/wp\/v2\/media?parent=244397"}],"wp:term":[{"taxonomy":"category","embeddable":true,"href":"https:\/\/www.europesays.com\/lt\/wp-json\/wp\/v2\/categories?post=244397"},{"taxonomy":"post_tag","embeddable":true,"href":"https:\/\/www.europesays.com\/lt\/wp-json\/wp\/v2\/tags?post=244397"}],"curies":[{"name":"wp","href":"https:\/\/api.w.org\/{rel}","templated":true}]}}