{"id":244481,"date":"2026-08-03T05:51:14","date_gmt":"2026-08-03T05:51:14","guid":{"rendered":"https:\/\/www.europesays.com\/lt\/244481\/"},"modified":"2026-08-03T05:51:14","modified_gmt":"2026-08-03T05:51:14","slug":"egipta-supurte-55-balo-zemes-drebejimas","status":"publish","type":"post","link":"https:\/\/www.europesays.com\/lt\/244481\/","title":{"rendered":"Egipt\u0105 supurt\u0117 5,5 balo \u017eem\u0117s dreb\u0117jimas"},"content":{"rendered":"<p>Po\u017eeminiai sm\u016bgiai buvo juntami didel\u0117je teritorijoje \u2013 nuo Kairo net iki El-Ari\u0161o, esan\u010dio netoli Egipto sienos su Gazos Ruo\u017eu.<\/p>\n<p>Pasak Egipto Nacionalinio astronomijos ir geofizikos tyrim\u0173 instituto, \u017eem\u0117s dreb\u0117jimas \u012fvyko apie 40 kilometr\u0173 \u012f \u0161iaur\u0119 nuo Sueco miesto 3:00 val. ryto (vidurnakt\u012f val. Grinvi\u010do laiku). Pirmiau buvo prane\u0161ta, kad jo stiprumas siek\u0117 5,2 balo.<\/p>\n<p>JAV geologijos tarnyba nustat\u0117, kad \u0161io netoli \u017eem\u0117s pavir\u0161iaus \u012fvykusio dreb\u0117jimo stiprumas buvo 5,0 balo \u2013 kiek ma\u017eiau nei buvo skelbta pirmiau.<\/p>\n<p>\u012esp\u0117jo gyventojus<\/p>\n<p>Egipto sveikatos apsaugos ministras Khaledas Abdelis Ghaffaras nurod\u0117 visoje \u0161alyje aktyvuoti reagavimo \u012f nepaprast\u0105sias situacijas planus, o greitosios pagalbos tarnyboms \u2013 u\u017etikrinti \u201eauk\u0161\u010diausi\u0105 parengties lyg\u012f\u201c.<\/p>\n<p>Pasak Sveikatos apsaugos ministerijos ir Egipto Raudonojo Pusm\u0117nulio organizacijos, apie aukas ar nuostolius kol kas neprane\u0161ama.<\/p>\n<p>Egipto Raudonasis Pusm\u0117nulis paragino gyventojus laikytis atokiau sen\u0173 ir ap\u0161iurusi\u0173 pastat\u0173, kuri\u0173 gausu kai kuriuose Kairo darbinink\u0173 klas\u0117s rajonuose.<\/p>\n<p>\u0160ioje \u0160iaur\u0117s Ryt\u0173 Afrikos \u0161alyje stipr\u016bs \u017eem\u0117s dreb\u0117jimai yra retas rei\u0161kinys.<\/p>\n<p>Pragai\u0161tingiausias \u017eem\u0117s dreb\u0117jimas naujausi\u0173 laik\u0173 Egipto istorijoje \u012fvyko 1992 m. spal\u012f, kai sostin\u0119 sukr\u0117t\u0117 5,8 balo stiprumo sm\u016bgis, pra\u017eudydamas daugiau nei 500 \u017emoni\u0173 ir be pastog\u0117s palikdamas t\u016bkstan\u010dius gyventoj\u0173.<\/p>\n","protected":false},"excerpt":{"rendered":"Po\u017eeminiai sm\u016bgiai buvo juntami didel\u0117je teritorijoje \u2013 nuo Kairo net iki El-Ari\u0161o, esan\u010dio netoli Egipto sienos su Gazos&hellip;\n","protected":false},"author":2,"featured_media":244482,"comment_status":"","ping_status":"","sticky":false,"template":"","format":"standard","meta":{"footnotes":"","_share_on_mastodon":"0"},"categories":[15],"tags":[25,30,31,4751,3346,34,35,24,32,33,37,39,36,38,40,23,22,44,28,29,26,27,74,75,76,1690],"class_list":["post-244481","post","type-post","status-publish","format-standard","has-post-thumbnail","category-pasaulis","tag-antrastes","tag-breaking-news","tag-breakingnews","tag-egiptas","tag-elta-uzsienio-naujiena","tag-featured-news","tag-featurednews","tag-headlines","tag-latest-news","tag-latestnews","tag-lietuva","tag-lietuviu","tag-lithuania","tag-lithuanian","tag-lt","tag-naujienos","tag-news","tag-pasaulis","tag-populiariausios-naujienos","tag-populiariausiosnaujienos","tag-top-stories","tag-topstories","tag-world","tag-world-news","tag-worldnews","tag-zemes-drebejimas"],"share_on_mastodon":{"url":"https:\/\/pubeurope.com\/@lt\/117030019571132607","error":""},"_links":{"self":[{"href":"https:\/\/www.europesays.com\/lt\/wp-json\/wp\/v2\/posts\/244481","targetHints":{"allow":["GET"]}}],"collection":[{"href":"https:\/\/www.europesays.com\/lt\/wp-json\/wp\/v2\/posts"}],"about":[{"href":"https:\/\/www.europesays.com\/lt\/wp-json\/wp\/v2\/types\/post"}],"author":[{"embeddable":true,"href":"https:\/\/www.europesays.com\/lt\/wp-json\/wp\/v2\/users\/2"}],"replies":[{"embeddable":true,"href":"https:\/\/www.europesays.com\/lt\/wp-json\/wp\/v2\/comments?post=244481"}],"version-history":[{"count":0,"href":"https:\/\/www.europesays.com\/lt\/wp-json\/wp\/v2\/posts\/244481\/revisions"}],"wp:featuredmedia":[{"embeddable":true,"href":"https:\/\/www.europesays.com\/lt\/wp-json\/wp\/v2\/media\/244482"}],"wp:attachment":[{"href":"https:\/\/www.europesays.com\/lt\/wp-json\/wp\/v2\/media?parent=244481"}],"wp:term":[{"taxonomy":"category","embeddable":true,"href":"https:\/\/www.europesays.com\/lt\/wp-json\/wp\/v2\/categories?post=244481"},{"taxonomy":"post_tag","embeddable":true,"href":"https:\/\/www.europesays.com\/lt\/wp-json\/wp\/v2\/tags?post=244481"}],"curies":[{"name":"wp","href":"https:\/\/api.w.org\/{rel}","templated":true}]}}