{"id":244795,"date":"2026-08-03T11:58:40","date_gmt":"2026-08-03T11:58:40","guid":{"rendered":"https:\/\/www.europesays.com\/lt\/244795\/"},"modified":"2026-08-03T11:58:40","modified_gmt":"2026-08-03T11:58:40","slug":"netoli-omano-krantu-esantis-tanklaivis-pranese-apie-sprogima","status":"publish","type":"post","link":"https:\/\/www.europesays.com\/lt\/244795\/","title":{"rendered":"Netoli Omano krant\u0173 esantis tanklaivis prane\u0161\u0117 apie sprogim\u0105"},"content":{"rendered":"<p>\u201ePrane\u0161ama, kad laivas ir \u012fgula yra saug\u016bs\u201c, \u2013 teig\u0117 UKMTO.<\/p>\n<p>\u0160is incidentas \u012fvyko u\u017e 20 j\u016brmyli\u0173 (37 kilometr\u0173) \u012f \u0161iaur\u0117s rytus nuo Chasabo Omane, prid\u016br\u0117 steb\u0117tojai.<\/p>\n<p>\u201eLaivams rekomenduojama plaukti atsargiai ir prane\u0161ti apie bet koki\u0105 \u012ftartin\u0105 veikl\u0105\u201c, \u2013 patar\u0117 UKMTO.<\/p>\n<p>\u0160i \u017einia pasirod\u0117 tuo metu, kai JAV sekmadien\u012f at\u0161auk\u0117 didelio masto sm\u016bgius, siekdamos sudaryti s\u0105lygas diplomatin\u0117ms deryboms, o pra\u0117jus kelioms valandoms po to Iranas prane\u0161\u0117, kad netrukus tur\u0117t\u0173 b\u016bti sudarytas susitarimas su Omanu d\u0117l naujo mar\u0161ruto per Hormuzo s\u0105siaur\u012f.<\/p>\n<p>Irano u\u017esienio reikal\u0173 ministerijos atstovas spaudai Esmaeilas Baqaei valstybinei televizijai prane\u0161\u0117, kad su kitoje s\u0105siaurio pus\u0117je esan\u010diu Omanu beveik pasiektas susitarimas d\u0117l naujo mar\u0161ruto per Hormuz\u0105.<\/p>\n<p>Ta\u010diau jis tvirtino, kad toks susitarimas nerei\u0161kia, jog s\u0105siauris v\u0117l bus atidarytas.<\/p>\n","protected":false},"excerpt":{"rendered":"\u201ePrane\u0161ama, kad laivas ir \u012fgula yra saug\u016bs\u201c, \u2013 teig\u0117 UKMTO. \u0160is incidentas \u012fvyko u\u017e 20 j\u016brmyli\u0173 (37 kilometr\u0173)&hellip;\n","protected":false},"author":2,"featured_media":244796,"comment_status":"","ping_status":"","sticky":false,"template":"","format":"standard","meta":{"footnotes":"","_share_on_mastodon":"0"},"categories":[15],"tags":[25,30,31,3346,34,35,24,22271,32,33,37,39,36,38,40,23,22,13181,44,28,29,26,27,74,75,76],"class_list":["post-244795","post","type-post","status-publish","format-standard","has-post-thumbnail","category-pasaulis","tag-antrastes","tag-breaking-news","tag-breakingnews","tag-elta-uzsienio-naujiena","tag-featured-news","tag-featurednews","tag-headlines","tag-irano-karas","tag-latest-news","tag-latestnews","tag-lietuva","tag-lietuviu","tag-lithuania","tag-lithuanian","tag-lt","tag-naujienos","tag-news","tag-omanas","tag-pasaulis","tag-populiariausios-naujienos","tag-populiariausiosnaujienos","tag-top-stories","tag-topstories","tag-world","tag-world-news","tag-worldnews"],"share_on_mastodon":{"url":"https:\/\/pubeurope.com\/@lt\/117031462801921736","error":""},"_links":{"self":[{"href":"https:\/\/www.europesays.com\/lt\/wp-json\/wp\/v2\/posts\/244795","targetHints":{"allow":["GET"]}}],"collection":[{"href":"https:\/\/www.europesays.com\/lt\/wp-json\/wp\/v2\/posts"}],"about":[{"href":"https:\/\/www.europesays.com\/lt\/wp-json\/wp\/v2\/types\/post"}],"author":[{"embeddable":true,"href":"https:\/\/www.europesays.com\/lt\/wp-json\/wp\/v2\/users\/2"}],"replies":[{"embeddable":true,"href":"https:\/\/www.europesays.com\/lt\/wp-json\/wp\/v2\/comments?post=244795"}],"version-history":[{"count":0,"href":"https:\/\/www.europesays.com\/lt\/wp-json\/wp\/v2\/posts\/244795\/revisions"}],"wp:featuredmedia":[{"embeddable":true,"href":"https:\/\/www.europesays.com\/lt\/wp-json\/wp\/v2\/media\/244796"}],"wp:attachment":[{"href":"https:\/\/www.europesays.com\/lt\/wp-json\/wp\/v2\/media?parent=244795"}],"wp:term":[{"taxonomy":"category","embeddable":true,"href":"https:\/\/www.europesays.com\/lt\/wp-json\/wp\/v2\/categories?post=244795"},{"taxonomy":"post_tag","embeddable":true,"href":"https:\/\/www.europesays.com\/lt\/wp-json\/wp\/v2\/tags?post=244795"}],"curies":[{"name":"wp","href":"https:\/\/api.w.org\/{rel}","templated":true}]}}