{"id":244855,"date":"2026-08-03T12:56:13","date_gmt":"2026-08-03T12:56:13","guid":{"rendered":"https:\/\/www.europesays.com\/lt\/244855\/"},"modified":"2026-08-03T12:56:13","modified_gmt":"2026-08-03T12:56:13","slug":"lagamine-radus-skotes-kuna-sulaikytas-itariamasis-respublika-lt","status":"publish","type":"post","link":"https:\/\/www.europesays.com\/lt\/244855\/","title":{"rendered":"Lagamine radus \u0161kot\u0117s k\u016bn\u0105 &#8211; sulaikytas \u012ftariamasis &#8211; Respublika.lt"},"content":{"rendered":"<p><img loading=\"lazy\" decoding=\"async\" src=\"https:\/\/www.respublika.lt\/lt\/naujienos\/pasaulis\/nusikaltimai_ir_nelaimes\/lagamine-radus-skotes-kuna---sulaikytas-itariamasis\/images\/ico_camera_white.gif\" class=\"camera\" width=\"22\" height=\"15\" alt=\"nuotr.\" style=\"position:relative; top:-2px; right:2px;\"\/> 1 nuotr.<\/p>\n<p>38-eri\u0173 Elisabeth-Jane Ross k\u016bn\u0105 lagamine apleistame pastate At\u0117n\u0173 Kypselio rajone rado benamis. Socialinio tinklo nuotr.<\/p>\n<p style=\"text-align: justify;\" class=\"desktop_banner\">\u00a0<\/p>\n<p style=\"text-align: justify;\">38-eri\u0173 Elisabeth-Jane Ross k\u016bn\u0105 lagamine apleistame pastate At\u0117n\u0173 Kypselio rajone liepos 18 d. rado benamis.<\/p>\n<p style=\"text-align: justify;\">Manoma, kad ji mir\u0117 penkiomis-septyniomis dienomis anks\u010diau, ta\u010diau, remiantis prane\u0161imais, ka\u017ekas naudojosi jos mobiliuoju telefonu ir jos vardu siunt\u0117 \u017einutes.<\/p>\n<p style=\"text-align: justify;\">Graikijos policija atpa\u017eino auk\u0105 pagal pir\u0161t\u0173 antspaudus.<\/p>\n<p style=\"text-align: justify;\">E. J. Ross, kuri, kaip manoma, yra i\u0161 Edinburgo, bir\u017eelio 26 d. atvyko \u012f Graikij\u0105 ir i\u0161 prad\u017ei\u0173 buvo apsistojusi pas savo draugus Pir\u0117juje.<\/p>\n<p style=\"text-align: justify;\">Teigiama, kad tada ji i\u0161vyko susitikti su savo draugais amerikie\u010diais kitoje Graikijos sostin\u0117s dalyje, ta\u010diau ar \u0161is susitikimas apskritai \u012fvyko, neai\u0161ku.\u00a0<\/p>\n<p style=\"text-align: justify;\">Policija nurod\u0117, kad i\u0161analizavo vaizdo med\u017eiag\u0105, jog nustatyt\u0173 \u012ftariamojo, kuris ketvirtadien\u012f prisipa\u017eino, tapatyb\u0119.<\/p>\n<p style=\"text-align: justify;\">Manoma, kad 26-eri\u0173 vyras suki\u0161o jos k\u016bn\u0105 \u012f lagamin\u0105 ir nune\u0161\u0117 j\u012f \u012f apleist\u0105 viet\u0105, kur jis ir buvo rastas.<\/p>\n<p style=\"text-align: justify;\">Teigiama, kad v\u0117liau jis pasinaudojo jos banko kortele, jog i\u0161sigrynint\u0173 pinig\u0173.<\/p>\n<p style=\"text-align: justify;\">\u012etariamojo namuose buvo rasta pistoleto kopija ir peilis, o policija i\u0161k\u0117l\u0117 jam byl\u0105 d\u0117l \u017emog\u017eudyst\u0117s, apipl\u0117\u0161imo ir ginkl\u0173 laikymo \u012fstatym\u0173 pa\u017eeidimo.<\/p>\n<p style=\"text-align: justify;\">U\u017esienio ir Brit\u0173 Sandraugos reikal\u0173 ministerija kiek anks\u010diau parei\u0161k\u0117: \u201e\u0160iuo sud\u0117tingu laikotarpiu mintimis esame su Elisabeth \u0161eima. Teikiame konsulin\u0119 pagalb\u0105 ir palaikome ry\u0161\u012f su vietos vald\u017eios institucijomis.\u201c<\/p>\n<p style=\"text-align: justify;\">Tuo metu \u0160kotijos policijos atstovas pa\u017eym\u0117jo: \u201eMums \u017einoma apie \u0161kot\u0117s mirt\u012f At\u0117nuose ir mes bendradarbiaujame su Graikijos vald\u017eios institucijomis. Pareig\u016bnai teikia param\u0105 jos \u0161eimai \u0160kotijoje.\u201c<\/p>\n","protected":false},"excerpt":{"rendered":"1 nuotr. 38-eri\u0173 Elisabeth-Jane Ross k\u016bn\u0105 lagamine apleistame pastate At\u0117n\u0173 Kypselio rajone rado benamis. Socialinio tinklo nuotr. \u00a0&hellip;\n","protected":false},"author":2,"featured_media":244856,"comment_status":"","ping_status":"","sticky":false,"template":"","format":"standard","meta":{"footnotes":"","_share_on_mastodon":"0"},"categories":[15],"tags":[25,30,31,34,35,3377,24,1930,32608,32,33,37,39,36,38,40,23,22,44,28,29,2307,26,27,74,75,76,9934],"class_list":["post-244855","post","type-post","status-publish","format-standard","has-post-thumbnail","category-pasaulis","tag-antrastes","tag-breaking-news","tag-breakingnews","tag-featured-news","tag-featurednews","tag-graikija","tag-headlines","tag-kunas","tag-lagaminas","tag-latest-news","tag-latestnews","tag-lietuva","tag-lietuviu","tag-lithuania","tag-lithuanian","tag-lt","tag-naujienos","tag-news","tag-pasaulis","tag-populiariausios-naujienos","tag-populiariausiosnaujienos","tag-skotija","tag-top-stories","tag-topstories","tag-world","tag-world-news","tag-worldnews","tag-zmogzudyste"],"share_on_mastodon":{"url":"https:\/\/pubeurope.com\/@lt\/117031691149224836","error":""},"_links":{"self":[{"href":"https:\/\/www.europesays.com\/lt\/wp-json\/wp\/v2\/posts\/244855","targetHints":{"allow":["GET"]}}],"collection":[{"href":"https:\/\/www.europesays.com\/lt\/wp-json\/wp\/v2\/posts"}],"about":[{"href":"https:\/\/www.europesays.com\/lt\/wp-json\/wp\/v2\/types\/post"}],"author":[{"embeddable":true,"href":"https:\/\/www.europesays.com\/lt\/wp-json\/wp\/v2\/users\/2"}],"replies":[{"embeddable":true,"href":"https:\/\/www.europesays.com\/lt\/wp-json\/wp\/v2\/comments?post=244855"}],"version-history":[{"count":0,"href":"https:\/\/www.europesays.com\/lt\/wp-json\/wp\/v2\/posts\/244855\/revisions"}],"wp:featuredmedia":[{"embeddable":true,"href":"https:\/\/www.europesays.com\/lt\/wp-json\/wp\/v2\/media\/244856"}],"wp:attachment":[{"href":"https:\/\/www.europesays.com\/lt\/wp-json\/wp\/v2\/media?parent=244855"}],"wp:term":[{"taxonomy":"category","embeddable":true,"href":"https:\/\/www.europesays.com\/lt\/wp-json\/wp\/v2\/categories?post=244855"},{"taxonomy":"post_tag","embeddable":true,"href":"https:\/\/www.europesays.com\/lt\/wp-json\/wp\/v2\/tags?post=244855"}],"curies":[{"name":"wp","href":"https:\/\/api.w.org\/{rel}","templated":true}]}}