{"id":244889,"date":"2026-08-03T13:28:09","date_gmt":"2026-08-03T13:28:09","guid":{"rendered":"https:\/\/www.europesays.com\/lt\/244889\/"},"modified":"2026-08-03T13:28:09","modified_gmt":"2026-08-03T13:28:09","slug":"netiketas-katarsio-bugnininko-gestas-lvive","status":"publish","type":"post","link":"https:\/\/www.europesays.com\/lt\/244889\/","title":{"rendered":"Netik\u0117tas \u201eKatarsio\u201c b\u016bgnininko gestas Lvive"},"content":{"rendered":"<p class=\"isSelectedEnd\">Vaizdo \u012fra\u0161e matyti, kaip muzikantas kreipiasi \u012f susirinkusi\u0105 publik\u0105 ir pasveikina j\u0105 ukrainieti\u0161kai.<\/p>\n<p class=\"isSelectedEnd\">\u201eLabas vakaras, Lvive. Kaip jums sekasi? <\/p>\n<p class=\"isSelectedEnd\">Mums didel\u0117 garb\u0117 \u0161iandien \u010dia groti jums. Mes jus mylime. \u0160lov\u0117 Ukrainai\u201c, \u2013 \u012f publik\u0105 kreip\u0117si Jok\u016bbas.<\/p>\n<p class=\"isSelectedEnd\">\u0160ie \u017eod\u017eiai suk\u0117l\u0117 audring\u0105 \u017ei\u016brov\u0173 reakcij\u0105 \u2013 pasigirdo gars\u016bs plojimai. <\/p>\n<p class=\"isSelectedEnd\">Pamatykite vaizdo \u012fra\u0161\u0105:<\/p>\n<p class=\"isSelectedEnd\">Trumpas vaizdo \u012fra\u0161as netruko i\u0161plisti \u201eTikTok\u201c platformoje, kur daugyb\u0117 \u017emoni\u0173 gyr\u0117 grup\u0117s gest\u0105 ir nuo\u0161ird\u0173 ry\u0161\u012f su Ukrainos klausytojais.<\/p>\n","protected":false},"excerpt":{"rendered":"Vaizdo \u012fra\u0161e matyti, kaip muzikantas kreipiasi \u012f susirinkusi\u0105 publik\u0105 ir pasveikina j\u0105 ukrainieti\u0161kai. \u201eLabas vakaras, Lvive. Kaip jums&hellip;\n","protected":false},"author":2,"featured_media":244890,"comment_status":"","ping_status":"","sticky":false,"template":"","format":"standard","meta":{"footnotes":"","_share_on_mastodon":"0"},"categories":[21],"tags":[113,7992,37,39,36,38,40,114,360],"class_list":["post-244889","post","type-post","status-publish","format-standard","has-post-thumbnail","category-pramogos","tag-entertainment","tag-katarsis","tag-lietuva","tag-lietuviu","tag-lithuania","tag-lithuanian","tag-lt","tag-pramogos","tag-ukraina"],"share_on_mastodon":{"url":"https:\/\/pubeurope.com\/@lt\/117031816598703091","error":""},"_links":{"self":[{"href":"https:\/\/www.europesays.com\/lt\/wp-json\/wp\/v2\/posts\/244889","targetHints":{"allow":["GET"]}}],"collection":[{"href":"https:\/\/www.europesays.com\/lt\/wp-json\/wp\/v2\/posts"}],"about":[{"href":"https:\/\/www.europesays.com\/lt\/wp-json\/wp\/v2\/types\/post"}],"author":[{"embeddable":true,"href":"https:\/\/www.europesays.com\/lt\/wp-json\/wp\/v2\/users\/2"}],"replies":[{"embeddable":true,"href":"https:\/\/www.europesays.com\/lt\/wp-json\/wp\/v2\/comments?post=244889"}],"version-history":[{"count":0,"href":"https:\/\/www.europesays.com\/lt\/wp-json\/wp\/v2\/posts\/244889\/revisions"}],"wp:featuredmedia":[{"embeddable":true,"href":"https:\/\/www.europesays.com\/lt\/wp-json\/wp\/v2\/media\/244890"}],"wp:attachment":[{"href":"https:\/\/www.europesays.com\/lt\/wp-json\/wp\/v2\/media?parent=244889"}],"wp:term":[{"taxonomy":"category","embeddable":true,"href":"https:\/\/www.europesays.com\/lt\/wp-json\/wp\/v2\/categories?post=244889"},{"taxonomy":"post_tag","embeddable":true,"href":"https:\/\/www.europesays.com\/lt\/wp-json\/wp\/v2\/tags?post=244889"}],"curies":[{"name":"wp","href":"https:\/\/api.w.org\/{rel}","templated":true}]}}