{"id":244957,"date":"2026-08-03T14:35:12","date_gmt":"2026-08-03T14:35:12","guid":{"rendered":"https:\/\/www.europesays.com\/lt\/244957\/"},"modified":"2026-08-03T14:35:12","modified_gmt":"2026-08-03T14:35:12","slug":"mire-ilgametis-marijampoles-ligonines-gydytojas-alvidas-vieversys","status":"publish","type":"post","link":"https:\/\/www.europesays.com\/lt\/244957\/","title":{"rendered":"Mir\u0117 ilgametis Marijampol\u0117s ligonin\u0117s gydytojas Alvidas Vieversys"},"content":{"rendered":"<p>Gydytojas \u0161\u012f pasaul\u012f paliko liepos 31 dien\u0105, ra\u0161oma ligonin\u0117s \u201eFacebook\u201c paskyroje.<\/p>\n<p>\u201eGydytojas Alvidas buvo atsidav\u0119s savo pa\u0161aukimui ir \u017emon\u0117ms. Per daugel\u012f darbo met\u0173 jis nuo\u0161ird\u017eiai r\u016bpinosi pacient\u0173 sveikata, kiekvien\u0105 priimdavo su pagarba, d\u0117mesingumu ir gerumu. Koleg\u0173 bei pacient\u0173 atmintyje jis i\u0161liks kaip profesionalus, atsakingas, \u0161iltas ir visuomet pasiruo\u0161\u0119s pad\u0117ti \u017emogus.<\/p>\n<p>Netekome ne tik puikaus gydytojo, bet ir nuo\u0161irdaus, kilnaus \u017emogaus, kurio darbai ir atsidavimas paliko prasming\u0105 p\u0117dsak\u0105 daugelio gyvenimuose.<\/p>\n<p>Nuo\u0161ird\u017eiai u\u017ejau\u010diame velionio artimuosius, \u0161eim\u0105, draugus ir visus, kuriems teko garb\u0117 pa\u017einoti gydytoj\u0105 Alvid\u0105 Vievers\u012f. Linkime stipryb\u0117s ir ramyb\u0117s \u0161iuo sunkiu netekties metu\u201c, \u2013 ra\u0161oma ligonin\u0117s prane\u0161ime.<\/p>\n<p>Su gydytoju bus galima atsisveikinti rugpj\u016b\u010dio 3 d. 13:00\u201322:00 laidojimo namuose \u201eSustoj\u0119s laikas\u201c Vokie\u010di\u0173 g. 3, Marijampol\u0117.<\/p>\n<p>Mi\u0161ios bus laikomos rugpj\u016b\u010dio 4 d. 09:00 Marijampol\u0117s \u0160v. Popie\u017eiaus Jono Pauliaus II koply\u010dioje, J.Ambrazevi\u010diaus- Brazai\u010dio g.7<\/p>\n<p>Gydytojo A. Vieversio i\u0161lyd\u0117jimas \u012f am\u017ein\u0105j\u012f poils\u012f  rugpj\u016b\u010dio 4 d. 13:00. Medikas bus laidojamas senosiose kapin\u0117se P.Armino g.<\/p>\n","protected":false},"excerpt":{"rendered":"Gydytojas \u0161\u012f pasaul\u012f paliko liepos 31 dien\u0105, ra\u0161oma ligonin\u0117s \u201eFacebook\u201c paskyroje. \u201eGydytojas Alvidas buvo atsidav\u0119s savo pa\u0161aukimui ir&hellip;\n","protected":false},"author":2,"featured_media":244958,"comment_status":"","ping_status":"","sticky":false,"template":"","format":"standard","meta":{"footnotes":"","_share_on_mastodon":"0"},"categories":[13],"tags":[25,30,31,34,35,24,32,33,37,39,36,38,40,36141,23,621,22,28,29,26,27],"class_list":["post-244957","post","type-post","status-publish","format-standard","has-post-thumbnail","category-lietuva","tag-antrastes","tag-breaking-news","tag-breakingnews","tag-featured-news","tag-featurednews","tag-headlines","tag-latest-news","tag-latestnews","tag-lietuva","tag-lietuviu","tag-lithuania","tag-lithuanian","tag-lt","tag-marijampoles-ligonine","tag-naujienos","tag-netektis","tag-news","tag-populiariausios-naujienos","tag-populiariausiosnaujienos","tag-top-stories","tag-topstories"],"share_on_mastodon":{"url":"https:\/\/pubeurope.com\/@lt\/117032080104622001","error":""},"_links":{"self":[{"href":"https:\/\/www.europesays.com\/lt\/wp-json\/wp\/v2\/posts\/244957","targetHints":{"allow":["GET"]}}],"collection":[{"href":"https:\/\/www.europesays.com\/lt\/wp-json\/wp\/v2\/posts"}],"about":[{"href":"https:\/\/www.europesays.com\/lt\/wp-json\/wp\/v2\/types\/post"}],"author":[{"embeddable":true,"href":"https:\/\/www.europesays.com\/lt\/wp-json\/wp\/v2\/users\/2"}],"replies":[{"embeddable":true,"href":"https:\/\/www.europesays.com\/lt\/wp-json\/wp\/v2\/comments?post=244957"}],"version-history":[{"count":0,"href":"https:\/\/www.europesays.com\/lt\/wp-json\/wp\/v2\/posts\/244957\/revisions"}],"wp:featuredmedia":[{"embeddable":true,"href":"https:\/\/www.europesays.com\/lt\/wp-json\/wp\/v2\/media\/244958"}],"wp:attachment":[{"href":"https:\/\/www.europesays.com\/lt\/wp-json\/wp\/v2\/media?parent=244957"}],"wp:term":[{"taxonomy":"category","embeddable":true,"href":"https:\/\/www.europesays.com\/lt\/wp-json\/wp\/v2\/categories?post=244957"},{"taxonomy":"post_tag","embeddable":true,"href":"https:\/\/www.europesays.com\/lt\/wp-json\/wp\/v2\/tags?post=244957"}],"curies":[{"name":"wp","href":"https:\/\/api.w.org\/{rel}","templated":true}]}}