{"id":245039,"date":"2026-08-03T15:56:12","date_gmt":"2026-08-03T15:56:12","guid":{"rendered":"https:\/\/www.europesays.com\/lt\/245039\/"},"modified":"2026-08-03T15:56:12","modified_gmt":"2026-08-03T15:56:12","slug":"investuotojams-papildoma-1-mln-eur-vertes-savarzeles-projekto-obligaciju-emisija","status":"publish","type":"post","link":"https:\/\/www.europesays.com\/lt\/245039\/","title":{"rendered":"Investuotojams \u2013 papildoma 1 mln. Eur vert\u0117s \u201eS\u0105var\u017e\u0117l\u0117s\u201c projekto obligacij\u0173 emisija"},"content":{"rendered":"<p>Obligacij\u0173 platinimas vyks rugpj\u016b\u010dio 4\u20137 d., o pritrauktos l\u0117\u0161os bus skirtos galutiniams atsiskaitymams su rangovais.\u00a0Priklausomai nuo investuotoj\u0173 paklausos, pasira\u0161ymo laikotarpis gali b\u016bti sutrumpintas \u2013 tokiu atveju emitentas apie tai paskelbs vie\u0161ai, o nauji pavedimai nebebus priimami.\u00a0Obligacij\u0173 i\u0161leidimo data numatyta rugpj\u016b\u010dio 11 d.\u00a0<\/p>\n<p>Emisijos pajamingumas iki i\u0161pirkimo sieks 5,75 proc.\u00a0Vienos obligacijos nominali vert\u0117 sieks 100 Eur, o sukauptos pal\u016bkanos bus i\u0161mokamos i\u0161pirkimo dien\u0105, taikant fiksuot\u0105 8 proc. metin\u0119 pal\u016bkan\u0173 norm\u0105. Obligacij\u0173 i\u0161pirkimo diena \u2013 \u0161i\u0173 met\u0173 gruod\u017eio 19 d. Platinimo kaina yra 101,9185 Eur (\u012fskaitant sukauptas pal\u016bkanas). Obligacij\u0173 emisijos platinim\u0105 organizuoja bankas \u201eArtea\u201c.\u00a0<\/p>\n<p>Iki \u0161iol bendra UAB \u201eKvartalas\u201c i\u0161platint\u0173 obligacij\u0173 nominali vert\u0117 siekia 55 mln. Eur.\u00a0<\/p>\n<p>\u201eSostin\u0117s biur\u0173 rinkos tendencijos ai\u0161kiai rodo, kad \u012fmon\u0117s renkasi ne tik patogi\u0105 viet\u0105 \u2013 joms svarbu architekt\u016bra, pastato kokyb\u0117, tvarumo sprendimai. \u201eS\u0105var\u017e\u0117l\u0117\u201c nuo pat prad\u017ei\u0173 buvo vystoma kaip auk\u0161\u010diausios klas\u0117s verslo centras sostin\u0117s centriniame verslo rajone. \u0160iandien pastatas jau veikia, jame kuriasi stipri verslo bendruomen\u0117, o nuominink\u0173 gretos nuosekliai auga\u201c, \u2013 sako Marius \u017demaitis, UAB \u201eKvartalas\u201c direktorius, \u201eLords LB Asset Management\u201c valdybos narys ir fondo \u201eRight Bank Development Fund\u201c valdytojas.<\/p>\n<p>Baigto statyti verslo centro \u201eS\u0105var\u017e\u0117l\u0117\u201c bendras nuomojamas plotas siekia beveik 21 t\u016bkst. kv. m. Pastato u\u017eimtumas \u2013 67 proc. Jame jau veikia bankas \u201eArtea\u201c, greitu metu \u012fsikurs technologij\u0173 bendrov\u0117 \u201eOmnisend\u201c, audito ir konsultacij\u0173 bendrov\u0117 \u201eAudifina\u201c, Lietuvos Respublikos transporto priemoni\u0173 draudik\u0173 biuras, taip pat jau veikia restoranas \u201eLumo\u201c bei kavin\u0117 \u201eJulius Meinl\u201c, konferencij\u0173 sal\u0117.<\/p>\n<p>Konstitucijos prospekte \u012fsik\u016brusi\u0105 \u201eS\u0105var\u017e\u0117l\u0119\u201c projektavo brit\u0173 architekt\u016bros legendos Richardo Rogerso \u012fkurta architekt\u0173 studija RSHP. Tai yra pirmas \u0161ios studijos projektas Baltijos \u0161alyse. Tarp RSHP darb\u0173 \u2013 Pary\u017eiaus Pompidou meno ir kult\u016bros centras, vienas i\u0161 nauj\u0173j\u0173 Pasaulio prekybos centro pastat\u0173 Niujorke, Europos \u017dmogaus Teisi\u0173 Teismo pastatas Strasb\u016bre, taip pat \u201eLloyd\u2019s\u201c b\u016bstin\u0117 ir \u201eLeadenhall\u201c dangorai\u017eis Londone.<\/p>\n<p>Verslo centrui suteiktas tarptautinis \u201eBREEAM International New Construction\u201c sertifikatas ir auk\u0161\u010diausias BREEAM \u201eOutstanding\u201c \u012fvertinimas, skiriamas tik i\u0161skirtinius tvarumo standartus atitinkantiems pastatams.<\/p>\n<p>Apie \u201eLords LB Asset Management\u201c<\/p>\n<p>\u201eLords LB Asset Management\u201c \u2013 Lietuvos banko licencijuota investicij\u0173 valdymo bendrov\u0117, nuo 2008 m. teikianti paslaugas instituciniams ir privatiems investuotojams.<\/p>\n<p>Bendrov\u0117 valdo 10 nekilnojamojo turto fond\u0173, 1 privataus kapitalo fond\u0105, 1 energetikos ir infrastrukt\u016bros fond\u0105 bei 3 investicines bendroves.<\/p>\n<p>Bendra kolektyvinio investavimo subjekt\u0173 valdomo turto vert\u0117 2025 m. gruod\u017eio 31 d. siek\u0117 1,423 mlrd. eur\u0173. \u201eLords LB Asset Management\u201c veikl\u0105 licencijuoja ir pri\u017ei\u016bri Lietuvos bankas.<\/p>\n","protected":false},"excerpt":{"rendered":"Obligacij\u0173 platinimas vyks rugpj\u016b\u010dio 4\u20137 d., o pritrauktos l\u0117\u0161os bus skirtos galutiniams atsiskaitymams su rangovais.\u00a0Priklausomai nuo investuotoj\u0173 paklausos,&hellip;\n","protected":false},"author":2,"featured_media":245040,"comment_status":"","ping_status":"","sticky":false,"template":"","format":"standard","meta":{"footnotes":"","_share_on_mastodon":"0"},"categories":[17],"tags":[81,559,37,39,560,36,38,40,23,561,85,46],"class_list":["post-245039","post","type-post","status-publish","format-standard","has-post-thumbnail","category-verslas","tag-business","tag-it","tag-lietuva","tag-lietuviu","tag-lietuvoje","tag-lithuania","tag-lithuanian","tag-lt","tag-naujienos","tag-patarimai","tag-uzsienyje","tag-verslas"],"share_on_mastodon":{"url":"https:\/\/pubeurope.com\/@lt\/117032398753939251","error":""},"_links":{"self":[{"href":"https:\/\/www.europesays.com\/lt\/wp-json\/wp\/v2\/posts\/245039","targetHints":{"allow":["GET"]}}],"collection":[{"href":"https:\/\/www.europesays.com\/lt\/wp-json\/wp\/v2\/posts"}],"about":[{"href":"https:\/\/www.europesays.com\/lt\/wp-json\/wp\/v2\/types\/post"}],"author":[{"embeddable":true,"href":"https:\/\/www.europesays.com\/lt\/wp-json\/wp\/v2\/users\/2"}],"replies":[{"embeddable":true,"href":"https:\/\/www.europesays.com\/lt\/wp-json\/wp\/v2\/comments?post=245039"}],"version-history":[{"count":0,"href":"https:\/\/www.europesays.com\/lt\/wp-json\/wp\/v2\/posts\/245039\/revisions"}],"wp:featuredmedia":[{"embeddable":true,"href":"https:\/\/www.europesays.com\/lt\/wp-json\/wp\/v2\/media\/245040"}],"wp:attachment":[{"href":"https:\/\/www.europesays.com\/lt\/wp-json\/wp\/v2\/media?parent=245039"}],"wp:term":[{"taxonomy":"category","embeddable":true,"href":"https:\/\/www.europesays.com\/lt\/wp-json\/wp\/v2\/categories?post=245039"},{"taxonomy":"post_tag","embeddable":true,"href":"https:\/\/www.europesays.com\/lt\/wp-json\/wp\/v2\/tags?post=245039"}],"curies":[{"name":"wp","href":"https:\/\/api.w.org\/{rel}","templated":true}]}}