{"id":245137,"date":"2026-08-03T18:17:12","date_gmt":"2026-08-03T18:17:12","guid":{"rendered":"https:\/\/www.europesays.com\/lt\/245137\/"},"modified":"2026-08-03T18:17:12","modified_gmt":"2026-08-03T18:17:12","slug":"circle-k-savininke-perka-zinoma-lenkijos-prekybos-tinkla","status":"publish","type":"post","link":"https:\/\/www.europesays.com\/lt\/245137\/","title":{"rendered":"\u201eCircle K\u201c savinink\u0117 perka \u017einom\u0105 Lenkijos prekybos tinkl\u0105"},"content":{"rendered":"<p>  <img decoding=\"async\" src=\"https:\/\/www.europesays.com\/lt\/wp-content\/uploads\/2026\/08\/895ba325-858b-493a-8204-fbce901dea26.jpg\" loading=\"eager\" fetchpriority=\"high\" alt=\"Circle K akcija \"\/> <\/p>\n<p>Circle K akcija <\/p>\n<p>FOTO:  Dainius Labutis | Elta<\/p>\n<p>Kanados bendrov\u0117 \u201eAlimentation Couche-Tard Inc.\u201c susitar\u0117 \u012fsigyti Lenkijos ma\u017emenin\u0117s prekybos tinkl\u0105 \u201e\u017babka Group SA\u201c u\u017e ma\u017edaug 32,6 mlrd. zlot\u0173 (8,7 mlrd. JAV doleri\u0173). \u201eCircle K\u201c savinink\u0117 taip dar labiau i\u0161pl\u0117s savo veikl\u0105 Europoje \u2013 tai bus did\u017eiausias \u012fsigijimas per vis\u0105 bendrov\u0117s istorij\u0105. \u201eBloomberg\u201c duomenimis, pagal sandorio vert\u0119 tai b\u016bt\u0173 antras did\u017eiausias ma\u017emenin\u0117s prekybos sektoriaus susijungim\u0173 ir \u012fsigijim\u0173 sandoris \u0161iais metais.<\/p>\n","protected":false},"excerpt":{"rendered":"Circle K akcija FOTO: Dainius Labutis | Elta Kanados bendrov\u0117 \u201eAlimentation Couche-Tard Inc.\u201c susitar\u0117 \u012fsigyti Lenkijos ma\u017emenin\u0117s prekybos&hellip;\n","protected":false},"author":2,"featured_media":245138,"comment_status":"","ping_status":"","sticky":false,"template":"","format":"standard","meta":{"footnotes":"","_share_on_mastodon":"0"},"categories":[17],"tags":[81,9780,140,37,39,36,38,40,2478,46],"class_list":["post-245137","post","type-post","status-publish","format-standard","has-post-thumbnail","category-verslas","tag-business","tag-circle-k","tag-lenkija","tag-lietuva","tag-lietuviu","tag-lithuania","tag-lithuanian","tag-lt","tag-mazmenine-prekyba","tag-verslas"],"share_on_mastodon":{"url":"https:\/\/pubeurope.com\/@lt\/117032953309925722","error":""},"_links":{"self":[{"href":"https:\/\/www.europesays.com\/lt\/wp-json\/wp\/v2\/posts\/245137","targetHints":{"allow":["GET"]}}],"collection":[{"href":"https:\/\/www.europesays.com\/lt\/wp-json\/wp\/v2\/posts"}],"about":[{"href":"https:\/\/www.europesays.com\/lt\/wp-json\/wp\/v2\/types\/post"}],"author":[{"embeddable":true,"href":"https:\/\/www.europesays.com\/lt\/wp-json\/wp\/v2\/users\/2"}],"replies":[{"embeddable":true,"href":"https:\/\/www.europesays.com\/lt\/wp-json\/wp\/v2\/comments?post=245137"}],"version-history":[{"count":0,"href":"https:\/\/www.europesays.com\/lt\/wp-json\/wp\/v2\/posts\/245137\/revisions"}],"wp:featuredmedia":[{"embeddable":true,"href":"https:\/\/www.europesays.com\/lt\/wp-json\/wp\/v2\/media\/245138"}],"wp:attachment":[{"href":"https:\/\/www.europesays.com\/lt\/wp-json\/wp\/v2\/media?parent=245137"}],"wp:term":[{"taxonomy":"category","embeddable":true,"href":"https:\/\/www.europesays.com\/lt\/wp-json\/wp\/v2\/categories?post=245137"},{"taxonomy":"post_tag","embeddable":true,"href":"https:\/\/www.europesays.com\/lt\/wp-json\/wp\/v2\/tags?post=245137"}],"curies":[{"name":"wp","href":"https:\/\/api.w.org\/{rel}","templated":true}]}}